{"id":2993,"date":"2025-02-18T12:47:05","date_gmt":"2025-02-18T17:47:05","guid":{"rendered":"https:\/\/incp.org.co\/agendatributariaincp\/?p=2993"},"modified":"2026-02-19T07:31:44","modified_gmt":"2026-02-19T12:31:44","slug":"minhacienda-reglamento-el-ajuste-del-costo-fiscal-de-activos-fijos-para-2024","status":"publish","type":"post","link":"https:\/\/incp.org.co\/agendatributariaincp\/noticias-incp\/2025\/02\/minhacienda-reglamento-el-ajuste-del-costo-fiscal-de-activos-fijos-para-2024\/","title":{"rendered":"MinHacienda reglament\u00f3 el ajuste del costo fiscal de activos fijos para 2024"},"content":{"rendered":"\n<link href=\"https:\/\/cdnjs.cloudflare.com\/ajax\/libs\/font-awesome\/6.0.0-beta3\/css\/all.min.css\" rel=\"stylesheet\">\n<style> \n.container{\n  height: 100px;\n  position: relative;\n  border: 0px solid green;\n}\n\n.center{\n  margin: 0;\n  position: absolute;\n  top: 50%;\n  left: 50%;\n  -ms-transform: translate(-50%, -50%);\n  transform: translate(-50%, -50%);\n}\n.button {\n  background-color: #04AA6D;\n  border: none;\n  color: #04AA6D;;\n  padding: 16px 32px;\n  text-align: center;\n  text-decoration: none;\n  display: inline-block;\n  font-size: 16px;\n  margin: 4px 2px;\n  transition-duration: 0.4s;\n  cursor: pointer;\nborder-radius: 25px;\n}\n.button1 {\n  background-color: #04AA6D;\n  color: black; \n  border: 2px solid #04AA6D;\n}\n.button1:hover {\n  background-color: #04AA6D;;\n  color: white;\n}\n<\/style>\n<div class=\"container\">\n  <div class=\"center\">\n<a href=\"https:\/\/whatsapp.com\/channel\/0029Va8neTFCcW4h5pCJrM00\" target=\"_blank\" class=\"button button1\" rel=\"noopener\"> <i class=\"fa-brands fa-whatsapp\"><\/i>&nbsp;&nbsp;&nbsp;\u00danete a nuestro nuestro canal de whatsapp<\/a>\n <\/div>\n<\/div>\n\n\n\n<p><\/p>\n\n\n\n<p>El Ministerio de Hacienda y Cr\u00e9dito P\u00fablico (MinHacienda) expidi\u00f3 el Decreto No. 0174 del 13 de febrero de 2024*, con el cual reglament\u00f3 los art\u00edculos 70 y 73 del Estatuto Tributario (E.T.) en lo relacionado con el ajuste del costo fiscal de los activos fijos para efectos de determinar la renta o ganancia ocasional por el a\u00f1o gravable 2024.<\/p>\n\n\n\n<p>As\u00ed bien, las disposiciones de este decreto dictan que los contribuyentes podr\u00e1n ajustar el costo de los activos fijos por el a\u00f1o gravable 2024 en un 10,97%. Asimismo, dicta que, para efectos de determinar la renta o ganancia ocasional, seg\u00fan sea el caso, proveniente de la enajenaci\u00f3n durante el a\u00f1o gravable 2024 de bienes ra\u00edces y acciones o aportes que tengan el car\u00e1cter de activos fijos, los contribuyentes que sean personas naturales deben tomar como costo fiscal cualquiera de los siguientes valores:<\/p>\n\n\n\n<ul class=\"wp-block-list\">\n<li>El valor que se obtenga de multiplicar el costo fiscal de los activos fijos enajenados, que figure en la declaraci\u00f3n de renta por el a\u00f1o gravable de 1986 por 52,55 si se trata de acciones o aportes, y por 423,90, en el caso de bienes ra\u00edces urbanos y 418,58 en el caso de bienes ra\u00edces rurales.<\/li>\n\n\n\n<li>El valor que se obtenga de multiplicar el costo de adquisici\u00f3n del bien enajenado por la cifra de ajuste que figure frente al a\u00f1o de adquisici\u00f3n de este, conforme con la siguiente tabla:<br><\/li>\n<\/ul>\n\n\n<div class=\"wp-block-image\">\n<figure class=\"aligncenter size-full is-resized\"><img loading=\"lazy\" decoding=\"async\" width=\"827\" height=\"531\" src=\"https:\/\/incp.org.co\/agendatributariaincp\/wp-content\/uploads\/2025\/02\/image-8.png\" alt=\"\" class=\"wp-image-3002\" style=\"width:814px;height:auto\" srcset=\"https:\/\/incp.org.co\/agendatributariaincp\/wp-content\/uploads\/2025\/02\/image-8.png 827w, https:\/\/incp.org.co\/agendatributariaincp\/wp-content\/uploads\/2025\/02\/image-8-300x193.png 300w, https:\/\/incp.org.co\/agendatributariaincp\/wp-content\/uploads\/2025\/02\/image-8-768x493.png 768w\" sizes=\"auto, (max-width: 827px) 100vw, 827px\" \/><\/figure>\n<\/div>\n\n<div class=\"wp-block-image\">\n<figure class=\"aligncenter size-large is-resized\"><img loading=\"lazy\" decoding=\"async\" width=\"715\" height=\"1024\" src=\"https:\/\/incp.org.co\/agendatributariaincp\/wp-content\/uploads\/2025\/02\/image-9-715x1024.png\" alt=\"\" class=\"wp-image-3003\" style=\"width:825px;height:auto\" srcset=\"https:\/\/incp.org.co\/agendatributariaincp\/wp-content\/uploads\/2025\/02\/image-9-715x1024.png 715w, https:\/\/incp.org.co\/agendatributariaincp\/wp-content\/uploads\/2025\/02\/image-9-209x300.png 209w, https:\/\/incp.org.co\/agendatributariaincp\/wp-content\/uploads\/2025\/02\/image-9-768x1100.png 768w, https:\/\/incp.org.co\/agendatributariaincp\/wp-content\/uploads\/2025\/02\/image-9-754x1080.png 754w, https:\/\/incp.org.co\/agendatributariaincp\/wp-content\/uploads\/2025\/02\/image-9.png 828w\" sizes=\"auto, (max-width: 715px) 100vw, 715px\" \/><\/figure>\n<\/div>\n\n<div class=\"wp-block-image\">\n<figure class=\"aligncenter size-full is-resized\"><img loading=\"lazy\" decoding=\"async\" width=\"822\" height=\"897\" src=\"https:\/\/incp.org.co\/agendatributariaincp\/wp-content\/uploads\/2025\/02\/image-10.png\" alt=\"\" class=\"wp-image-3004\" style=\"width:816px;height:auto\" srcset=\"https:\/\/incp.org.co\/agendatributariaincp\/wp-content\/uploads\/2025\/02\/image-10.png 822w, https:\/\/incp.org.co\/agendatributariaincp\/wp-content\/uploads\/2025\/02\/image-10-275x300.png 275w, https:\/\/incp.org.co\/agendatributariaincp\/wp-content\/uploads\/2025\/02\/image-10-768x838.png 768w\" sizes=\"auto, (max-width: 822px) 100vw, 822px\" \/><\/figure>\n<\/div>\n\n\n<p>Para m\u00e1s informaci\u00f3n, el documento adjunto.<\/p>\n\n\n\n<p>Ver: <a href=\"https:\/\/incp.org.co\/agendatributariaincp\/wp-content\/uploads\/2025\/02\/Decreto-No.-0174-del-13-de-febrero-de-2024.pdf\">Decreto No. 0174 del 13 de febrero de 2024 &#8211; MinHacienda<\/a><\/p>\n\n\n\n<p><strong>Redacci\u00f3n INCP<\/strong><\/p>\n\n\n\n<hr class=\"wp-block-separator has-alpha-channel-opacity\"\/>\n","protected":false},"excerpt":{"rendered":"<p>&nbsp;&nbsp;&nbsp;\u00danete a nuestro nuestro canal de whatsapp El Ministerio de Hacienda y Cr\u00e9dito P\u00fablico (MinHacienda) expidi\u00f3 el Decreto No. 0174 del 13 de febrero de 2024*, con el cual reglament\u00f3 los art\u00edculos 70 y 73 del Estatuto Tributario (E.T.) en lo relacionado con el ajuste del costo fiscal de los activos fijos para efectos de&hellip; <br \/> <a class=\"read-more\" href=\"https:\/\/incp.org.co\/agendatributariaincp\/noticias-incp\/2025\/02\/minhacienda-reglamento-el-ajuste-del-costo-fiscal-de-activos-fijos-para-2024\/\">Read more<\/a><\/p>\n","protected":false},"author":27935,"featured_media":3006,"comment_status":"open","ping_status":"open","sticky":false,"template":"","format":"standard","meta":{"footnotes":""},"categories":[13],"tags":[],"class_list":["post-2993","post","type-post","status-publish","format-standard","has-post-thumbnail","hentry","category-noticias"],"_links":{"self":[{"href":"https:\/\/incp.org.co\/agendatributariaincp\/wp-json\/wp\/v2\/posts\/2993","targetHints":{"allow":["GET"]}}],"collection":[{"href":"https:\/\/incp.org.co\/agendatributariaincp\/wp-json\/wp\/v2\/posts"}],"about":[{"href":"https:\/\/incp.org.co\/agendatributariaincp\/wp-json\/wp\/v2\/types\/post"}],"author":[{"embeddable":true,"href":"https:\/\/incp.org.co\/agendatributariaincp\/wp-json\/wp\/v2\/users\/27935"}],"replies":[{"embeddable":true,"href":"https:\/\/incp.org.co\/agendatributariaincp\/wp-json\/wp\/v2\/comments?post=2993"}],"version-history":[{"count":1,"href":"https:\/\/incp.org.co\/agendatributariaincp\/wp-json\/wp\/v2\/posts\/2993\/revisions"}],"predecessor-version":[{"id":3007,"href":"https:\/\/incp.org.co\/agendatributariaincp\/wp-json\/wp\/v2\/posts\/2993\/revisions\/3007"}],"wp:featuredmedia":[{"embeddable":true,"href":"https:\/\/incp.org.co\/agendatributariaincp\/wp-json\/wp\/v2\/media\/3006"}],"wp:attachment":[{"href":"https:\/\/incp.org.co\/agendatributariaincp\/wp-json\/wp\/v2\/media?parent=2993"}],"wp:term":[{"taxonomy":"category","embeddable":true,"href":"https:\/\/incp.org.co\/agendatributariaincp\/wp-json\/wp\/v2\/categories?post=2993"},{"taxonomy":"post_tag","embeddable":true,"href":"https:\/\/incp.org.co\/agendatributariaincp\/wp-json\/wp\/v2\/tags?post=2993"}],"curies":[{"name":"wp","href":"https:\/\/api.w.org\/{rel}","templated":true}]}}