{"id":3008,"date":"2025-02-19T15:10:01","date_gmt":"2025-02-19T20:10:01","guid":{"rendered":"https:\/\/incp.org.co\/agendatributariaincp\/?p=3008"},"modified":"2026-02-19T07:31:42","modified_gmt":"2026-02-19T12:31:42","slug":"dian-reconsidera-requisitos-para-la-exencion-del-iva-en-la-exportacion-de-servicios","status":"publish","type":"post","link":"https:\/\/incp.org.co\/agendatributariaincp\/noticias-incp\/2025\/02\/dian-reconsidera-requisitos-para-la-exencion-del-iva-en-la-exportacion-de-servicios\/","title":{"rendered":"DIAN reconsidera requisitos para la exenci\u00f3n del IVA en la exportaci\u00f3n de servicios"},"content":{"rendered":"\n<link href=\"https:\/\/cdnjs.cloudflare.com\/ajax\/libs\/font-awesome\/6.0.0-beta3\/css\/all.min.css\" rel=\"stylesheet\">\n<style> \n.container{\n  height: 100px;\n  position: relative;\n  border: 0px solid green;\n}\n\n.center{\n  margin: 0;\n  position: absolute;\n  top: 50%;\n  left: 50%;\n  -ms-transform: translate(-50%, -50%);\n  transform: translate(-50%, -50%);\n}\n.button {\n  background-color: #04AA6D;\n  border: none;\n  color: #04AA6D;;\n  padding: 16px 32px;\n  text-align: center;\n  text-decoration: none;\n  display: inline-block;\n  font-size: 16px;\n  margin: 4px 2px;\n  transition-duration: 0.4s;\n  cursor: pointer;\nborder-radius: 25px;\n}\n.button1 {\n  background-color: #04AA6D;\n  color: black; \n  border: 2px solid #04AA6D;\n}\n.button1:hover {\n  background-color: #04AA6D;;\n  color: white;\n}\n<\/style>\n<div class=\"container\">\n  <div class=\"center\">\n<a href=\"https:\/\/whatsapp.com\/channel\/0029Va8neTFCcW4h5pCJrM00\" target=\"_blank\" class=\"button button1\" rel=\"noopener\"> <i class=\"fa-brands fa-whatsapp\"><\/i>&nbsp;&nbsp;&nbsp;\u00danete a nuestro nuestro canal de whatsapp<\/a>\n <\/div>\n<\/div>\n\n\n\n<p><\/p>\n\n\n\n<p style=\"text-align:justify\">La Direcci\u00f3n de Impuestos y Aduanas Nacionales (DIAN) emiti\u00f3 el Concepto No. 0208 del 11 de febrero de 2025 reconsiderando lo establecido en su Concepto No. 987 del 8 de noviembre de 2024 sobre la identificaci\u00f3n de exportadores de servicios en el Registro \u00danico Tributario (RUT) y la aplicaci\u00f3n de la exenci\u00f3n del IVA prevista en el art\u00edculo 481 del Estatuto Tributario (E.T.).<\/p>\n\n\n\n<p style=\"text-align:justify\">Inicialmente, el Concepto No. 987 de 2024 se\u00f1alaba que, para acceder a la exenci\u00f3n del IVA en exportaciones de servicios, los contribuyentes deb\u00edan incluir en su RUT la responsabilidad \u201c10 &#8211; Usuario Aduanero\u201d y la calidad de \u201cexportador\u201d.<\/p>\n\n\n\n<p style=\"text-align:justify\">No obstante, tras una solicitud de reconsideraci\u00f3n en la que se argument\u00f3 que la responsabilidad \u201c19 &#8211; Productor de bienes y\/o servicios exentos\u201d era suficiente para acreditar la condici\u00f3n de exportador de servicios, la DIAN confirm\u00f3 que dicha responsabilidad basta para sustentar la calidad de exportador y acceder a la exenci\u00f3n establecida en el art\u00edculo 481 del E.T.<\/p>\n\n\n\n<p>Para m\u00e1s informaci\u00f3n, consulte el documento adjunto.<\/p>\n\n\n\n<p>Ver: <a href=\"https:\/\/incp.org.co\/agendatributariaincp\/wp-content\/uploads\/2025\/02\/Concepto-No.-0208-del-11-de-febrero-de-2025-DIAN.pdf\">Concepto No. 0208 del 11 de febrero de 2025 &#8211; DIAN<\/a><\/p>\n\n\n\n<p><strong>Redacci\u00f3n INCP<\/strong><\/p>\n\n\n\n<hr class=\"wp-block-separator has-alpha-channel-opacity\"\/>\n","protected":false},"excerpt":{"rendered":"<p>&nbsp;&nbsp;&nbsp;\u00danete a nuestro nuestro canal de whatsapp La Direcci\u00f3n de Impuestos y Aduanas Nacionales (DIAN) emiti\u00f3 el Concepto No. 0208 del 11 de febrero de 2025 reconsiderando lo establecido en su Concepto No. 987 del 8 de noviembre de 2024 sobre la identificaci\u00f3n de exportadores de servicios en el Registro \u00danico Tributario (RUT) y la&hellip; <br \/> <a class=\"read-more\" href=\"https:\/\/incp.org.co\/agendatributariaincp\/noticias-incp\/2025\/02\/dian-reconsidera-requisitos-para-la-exencion-del-iva-en-la-exportacion-de-servicios\/\">Read more<\/a><\/p>\n","protected":false},"author":27935,"featured_media":2994,"comment_status":"open","ping_status":"open","sticky":false,"template":"","format":"standard","meta":{"footnotes":""},"categories":[13],"tags":[],"class_list":["post-3008","post","type-post","status-publish","format-standard","has-post-thumbnail","hentry","category-noticias"],"_links":{"self":[{"href":"https:\/\/incp.org.co\/agendatributariaincp\/wp-json\/wp\/v2\/posts\/3008","targetHints":{"allow":["GET"]}}],"collection":[{"href":"https:\/\/incp.org.co\/agendatributariaincp\/wp-json\/wp\/v2\/posts"}],"about":[{"href":"https:\/\/incp.org.co\/agendatributariaincp\/wp-json\/wp\/v2\/types\/post"}],"author":[{"embeddable":true,"href":"https:\/\/incp.org.co\/agendatributariaincp\/wp-json\/wp\/v2\/users\/27935"}],"replies":[{"embeddable":true,"href":"https:\/\/incp.org.co\/agendatributariaincp\/wp-json\/wp\/v2\/comments?post=3008"}],"version-history":[{"count":1,"href":"https:\/\/incp.org.co\/agendatributariaincp\/wp-json\/wp\/v2\/posts\/3008\/revisions"}],"predecessor-version":[{"id":3011,"href":"https:\/\/incp.org.co\/agendatributariaincp\/wp-json\/wp\/v2\/posts\/3008\/revisions\/3011"}],"wp:featuredmedia":[{"embeddable":true,"href":"https:\/\/incp.org.co\/agendatributariaincp\/wp-json\/wp\/v2\/media\/2994"}],"wp:attachment":[{"href":"https:\/\/incp.org.co\/agendatributariaincp\/wp-json\/wp\/v2\/media?parent=3008"}],"wp:term":[{"taxonomy":"category","embeddable":true,"href":"https:\/\/incp.org.co\/agendatributariaincp\/wp-json\/wp\/v2\/categories?post=3008"},{"taxonomy":"post_tag","embeddable":true,"href":"https:\/\/incp.org.co\/agendatributariaincp\/wp-json\/wp\/v2\/tags?post=3008"}],"curies":[{"name":"wp","href":"https:\/\/api.w.org\/{rel}","templated":true}]}}