{"id":3009,"date":"2025-02-19T15:09:52","date_gmt":"2025-02-19T20:09:52","guid":{"rendered":"https:\/\/incp.org.co\/agendatributariaincp\/?p=3009"},"modified":"2026-02-19T07:31:44","modified_gmt":"2026-02-19T12:31:44","slug":"fechas-para-registrar-los-proyectos-de-obras-por-impuestos-ano-2025","status":"publish","type":"post","link":"https:\/\/incp.org.co\/agendatributariaincp\/noticias-incp\/2025\/02\/fechas-para-registrar-los-proyectos-de-obras-por-impuestos-ano-2025\/","title":{"rendered":"Fechas para registrar los proyectos de \u201cObras por Impuestos\u201d a\u00f1o 2025"},"content":{"rendered":"\n<link href=\"https:\/\/cdnjs.cloudflare.com\/ajax\/libs\/font-awesome\/6.0.0-beta3\/css\/all.min.css\" rel=\"stylesheet\">\n<style> \n.container{\n  height: 100px;\n  position: relative;\n  border: 0px solid green;\n}\n\n.center{\n  margin: 0;\n  position: absolute;\n  top: 50%;\n  left: 50%;\n  -ms-transform: translate(-50%, -50%);\n  transform: translate(-50%, -50%);\n}\n.button {\n  background-color: #04AA6D;\n  border: none;\n  color: #04AA6D;;\n  padding: 16px 32px;\n  text-align: center;\n  text-decoration: none;\n  display: inline-block;\n  font-size: 16px;\n  margin: 4px 2px;\n  transition-duration: 0.4s;\n  cursor: pointer;\nborder-radius: 25px;\n}\n.button1 {\n  background-color: #04AA6D;\n  color: black; \n  border: 2px solid #04AA6D;\n}\n.button1:hover {\n  background-color: #04AA6D;;\n  color: white;\n}\n<\/style>\n<div class=\"container\">\n  <div class=\"center\">\n<a href=\"https:\/\/whatsapp.com\/channel\/0029Va8neTFCcW4h5pCJrM00\" target=\"_blank\" class=\"button button1\" rel=\"noopener\"> <i class=\"fa-brands fa-whatsapp\"><\/i>&nbsp;&nbsp;&nbsp;\u00danete a nuestro nuestro canal de whatsapp<\/a>\n <\/div>\n<\/div>\n\n\n\n<p><\/p>\n\n\n\n<p style=\"text-align:justify\">El Ministerio de Hacienda y Cr\u00e9dito P\u00fablico (MinHacienda) expidi\u00f3 el Decreto No. 0178 del 14 de febrero de 2025*, mediante el cual extendi\u00f3 la vigencia del mecanismo de pago \u201cObras por Impuestos\u201d para el a\u00f1o 2025.<\/p>\n\n\n\n<p style=\"text-align:justify\">Seg\u00fan lo dispuesto en el decreto, para la vigencia 2025 ser\u00e1n elegibles los proyectos que, al 5 de marzo de 2025, est\u00e9n viabilizados y registrados en el banco de proyectos de inversi\u00f3n de Obras por Impuestos a trav\u00e9s del Sistema Unificado de Inversiones y Finanzas P\u00fablicas (SUIFP).<\/p>\n\n\n\n<p style=\"text-align:justify\">Adem\u00e1s, el banco de proyectos de inversi\u00f3n tendr\u00e1 dos cortes de cierre este a\u00f1o: el primero, el 10 de marzo, y el segundo, el 1 de agosto de 2025.<\/p>\n\n\n\n<p>Para m\u00e1s informaci\u00f3n, consulte el documento adjunto.<\/p>\n\n\n\n<p>Ver: <a href=\"https:\/\/incp.org.co\/agendatributariaincp\/wp-content\/uploads\/2025\/02\/Decreto-No.-0178-del-14-de-febrero-de-2025-MinHacienda.pdf\">Decreto No. 0178 del 14 de febrero de 2025 \u2013 MinHacienda<\/a><\/p>\n\n\n\n<p style=\"text-align:justify\"><em>*Por el cual se modifican el inciso transitorio del par\u00e1grafo 1 del art\u00edculo 1.6.5.3.3.1. de la Secci\u00f3n 3 del Cap\u00edtulo 3 del T\u00edtulo 5 de la Parte 6 del Libro 1 y el inciso transitorio del par\u00e1grafo 4 del art\u00edculo 1.6.6.2.3 del Cap\u00edtulo 2 del T\u00edtulo 6 de la Parte 6 del Libro 1 del Decreto 1625 de 2016, \u00danico Reglamentario en Materia Tributaria, para ampliar de manera transitoria el plazo del cierre del banco de proyectos de inversi\u00f3n de Obras por Impuestos para la vigencia 2025.<\/em><\/p>\n\n\n\n<p><strong>Redacci\u00f3n INCP<\/strong><\/p>\n\n\n\n<hr class=\"wp-block-separator has-alpha-channel-opacity\"\/>\n","protected":false},"excerpt":{"rendered":"<p>&nbsp;&nbsp;&nbsp;\u00danete a nuestro nuestro canal de whatsapp El Ministerio de Hacienda y Cr\u00e9dito P\u00fablico (MinHacienda) expidi\u00f3 el Decreto No. 0178 del 14 de febrero de 2025*, mediante el cual extendi\u00f3 la vigencia del mecanismo de pago \u201cObras por Impuestos\u201d para el a\u00f1o 2025. Seg\u00fan lo dispuesto en el decreto, para la vigencia 2025 ser\u00e1n elegibles&hellip; <br \/> <a class=\"read-more\" href=\"https:\/\/incp.org.co\/agendatributariaincp\/noticias-incp\/2025\/02\/fechas-para-registrar-los-proyectos-de-obras-por-impuestos-ano-2025\/\">Read more<\/a><\/p>\n","protected":false},"author":27935,"featured_media":2996,"comment_status":"open","ping_status":"open","sticky":false,"template":"","format":"standard","meta":{"footnotes":""},"categories":[13],"tags":[],"class_list":["post-3009","post","type-post","status-publish","format-standard","has-post-thumbnail","hentry","category-noticias"],"_links":{"self":[{"href":"https:\/\/incp.org.co\/agendatributariaincp\/wp-json\/wp\/v2\/posts\/3009","targetHints":{"allow":["GET"]}}],"collection":[{"href":"https:\/\/incp.org.co\/agendatributariaincp\/wp-json\/wp\/v2\/posts"}],"about":[{"href":"https:\/\/incp.org.co\/agendatributariaincp\/wp-json\/wp\/v2\/types\/post"}],"author":[{"embeddable":true,"href":"https:\/\/incp.org.co\/agendatributariaincp\/wp-json\/wp\/v2\/users\/27935"}],"replies":[{"embeddable":true,"href":"https:\/\/incp.org.co\/agendatributariaincp\/wp-json\/wp\/v2\/comments?post=3009"}],"version-history":[{"count":1,"href":"https:\/\/incp.org.co\/agendatributariaincp\/wp-json\/wp\/v2\/posts\/3009\/revisions"}],"predecessor-version":[{"id":3010,"href":"https:\/\/incp.org.co\/agendatributariaincp\/wp-json\/wp\/v2\/posts\/3009\/revisions\/3010"}],"wp:featuredmedia":[{"embeddable":true,"href":"https:\/\/incp.org.co\/agendatributariaincp\/wp-json\/wp\/v2\/media\/2996"}],"wp:attachment":[{"href":"https:\/\/incp.org.co\/agendatributariaincp\/wp-json\/wp\/v2\/media?parent=3009"}],"wp:term":[{"taxonomy":"category","embeddable":true,"href":"https:\/\/incp.org.co\/agendatributariaincp\/wp-json\/wp\/v2\/categories?post=3009"},{"taxonomy":"post_tag","embeddable":true,"href":"https:\/\/incp.org.co\/agendatributariaincp\/wp-json\/wp\/v2\/tags?post=3009"}],"curies":[{"name":"wp","href":"https:\/\/api.w.org\/{rel}","templated":true}]}}