{"id":3085,"date":"2025-02-21T09:46:59","date_gmt":"2025-02-21T14:46:59","guid":{"rendered":"https:\/\/incp.org.co\/agendatributariaincp\/?p=3085"},"modified":"2026-02-19T07:31:22","modified_gmt":"2026-02-19T12:31:22","slug":"sancion-por-no-declarar-aplica-para-el-simple","status":"publish","type":"post","link":"https:\/\/incp.org.co\/agendatributariaincp\/noticias\/2025\/02\/sancion-por-no-declarar-aplica-para-el-simple\/","title":{"rendered":"\u00bfSanci\u00f3n por no declarar aplica para el SIMPLE?"},"content":{"rendered":"\n<p><\/p>\n\n\n\n<p><\/p>\n\n\n\n<p style=\"text-align:justify\">La Direcci\u00f3n de Impuestos y Aduanas Nacionales (DIAN) public\u00f3 el Concepto No. 193 del 14 de febrero de 2025 en el que absolvi\u00f3 la siguiente consulta: \u00bfEs procedente aplicar el numeral 1 del art\u00edculo 643 del Estatuto Tributario (E.T.) para efectos de sancionar la no presentaci\u00f3n de la declaraci\u00f3n anual del impuesto unificado bajo el r\u00e9gimen simple de tributaci\u00f3n (SIMPLE)?<\/p>\n\n\n\n<p style=\"text-align:justify\">En su respuesta, la DIAN concluy\u00f3 que la sanci\u00f3n por no declarar, prevista en el numeral 1 del art\u00edculo 643 del E.T, no es aplicable a la omisi\u00f3n de la declaraci\u00f3n anual del SIMPLE debido a que esta conducta no se encuentra expresamente tipificada en la norma.<\/p>\n\n\n\n<p style=\"text-align:justify\">Seg\u00fan la administraci\u00f3n tributaria, aunque el art\u00edculo 916 del E.T establece que el r\u00e9gimen de procedimiento y sanci\u00f3n del SIMPLE se rige por las disposiciones generales del E.T, ello no implica que las sanciones sean aplicables de manera autom\u00e1tica. La entidad record\u00f3 que &nbsp;la jurisprudencia del Consejo de Estado y &nbsp;de la Corte Constitucional han se\u00f1alado que las sanciones tributarias deben estar expresamente definidas en normas sustanciales, sin posibilidad de ser creadas mediante interpretaci\u00f3n extensiva o anal\u00f3gica, en virtud de los principios de legalidad y reserva de ley.<\/p>\n\n\n\n<p style=\"text-align:justify\">En este sentido, la DIAN enfatiz\u00f3 que extender la aplicaci\u00f3n de la sanci\u00f3n por no declarar, prevista en el art\u00edculo 643 del E.T, a la omisi\u00f3n de la declaraci\u00f3n del SIMPLE vulnerar\u00eda el principio de legalidad y el derecho al debido proceso. Por lo tanto, concluy\u00f3 que, en ausencia de una norma expresa que contemple dicha sanci\u00f3n para el r\u00e9gimen SIMPLE, esta no puede ser impuesta a los contribuyentes que incumplan con la presentaci\u00f3n de su declaraci\u00f3n anual consolidada.<\/p>\n\n\n\n<p>Para m\u00e1s informaci\u00f3n, consulte el documento adjunto.<\/p>\n\n\n\n<p>Ver: <a href=\"https:\/\/incp.org.co\/wp-content\/uploads\/2025\/02\/Concepto-No.-193-del-14-de-febrero-de-2025-DIAN.pdf\">Concepto No. 193 del 14 de febrero de 2025 &#8211; DIAN<\/a><\/p>\n\n\n\n<p><strong>Redacci\u00f3n INCP<\/strong><\/p>\n","protected":false},"excerpt":{"rendered":"<p>La Direcci\u00f3n de Impuestos y Aduanas Nacionales (DIAN) public\u00f3 el Concepto No. 193 del 14 de febrero de 2025 en el que absolvi\u00f3 la siguiente consulta: \u00bfEs procedente aplicar el numeral 1 del art\u00edculo 643 del Estatuto Tributario (E.T.) para efectos de sancionar la no presentaci\u00f3n de la declaraci\u00f3n anual del impuesto unificado bajo el&hellip; <br \/> <a class=\"read-more\" href=\"https:\/\/incp.org.co\/agendatributariaincp\/noticias\/2025\/02\/sancion-por-no-declarar-aplica-para-el-simple\/\">Read more<\/a><\/p>\n","protected":false},"author":27935,"featured_media":3086,"comment_status":"open","ping_status":"open","sticky":false,"template":"","format":"standard","meta":{"footnotes":""},"categories":[13],"tags":[],"class_list":["post-3085","post","type-post","status-publish","format-standard","has-post-thumbnail","hentry","category-noticias"],"_links":{"self":[{"href":"https:\/\/incp.org.co\/agendatributariaincp\/wp-json\/wp\/v2\/posts\/3085","targetHints":{"allow":["GET"]}}],"collection":[{"href":"https:\/\/incp.org.co\/agendatributariaincp\/wp-json\/wp\/v2\/posts"}],"about":[{"href":"https:\/\/incp.org.co\/agendatributariaincp\/wp-json\/wp\/v2\/types\/post"}],"author":[{"embeddable":true,"href":"https:\/\/incp.org.co\/agendatributariaincp\/wp-json\/wp\/v2\/users\/27935"}],"replies":[{"embeddable":true,"href":"https:\/\/incp.org.co\/agendatributariaincp\/wp-json\/wp\/v2\/comments?post=3085"}],"version-history":[{"count":1,"href":"https:\/\/incp.org.co\/agendatributariaincp\/wp-json\/wp\/v2\/posts\/3085\/revisions"}],"predecessor-version":[{"id":3087,"href":"https:\/\/incp.org.co\/agendatributariaincp\/wp-json\/wp\/v2\/posts\/3085\/revisions\/3087"}],"wp:featuredmedia":[{"embeddable":true,"href":"https:\/\/incp.org.co\/agendatributariaincp\/wp-json\/wp\/v2\/media\/3086"}],"wp:attachment":[{"href":"https:\/\/incp.org.co\/agendatributariaincp\/wp-json\/wp\/v2\/media?parent=3085"}],"wp:term":[{"taxonomy":"category","embeddable":true,"href":"https:\/\/incp.org.co\/agendatributariaincp\/wp-json\/wp\/v2\/categories?post=3085"},{"taxonomy":"post_tag","embeddable":true,"href":"https:\/\/incp.org.co\/agendatributariaincp\/wp-json\/wp\/v2\/tags?post=3085"}],"curies":[{"name":"wp","href":"https:\/\/api.w.org\/{rel}","templated":true}]}}