{"id":3093,"date":"2025-02-27T10:14:00","date_gmt":"2025-02-27T15:14:00","guid":{"rendered":"https:\/\/incp.org.co\/agendatributariaincp\/?p=3093"},"modified":"2026-02-18T16:23:21","modified_gmt":"2026-02-18T21:23:21","slug":"dian-confirma-que-en-la-declaracion-de-retencion-en-la-fuente-no-deben-reportarse-pagos-que-no-estan-sujetos-a-retencion","status":"publish","type":"post","link":"https:\/\/incp.org.co\/agendatributariaincp\/noticias\/2025\/02\/dian-confirma-que-en-la-declaracion-de-retencion-en-la-fuente-no-deben-reportarse-pagos-que-no-estan-sujetos-a-retencion\/","title":{"rendered":"DIAN confirma que en la declaraci\u00f3n de retenci\u00f3n en la fuente no deben reportarse pagos que no est\u00e1n sujetos a retenci\u00f3n"},"content":{"rendered":"\n<link href=\"https:\/\/cdnjs.cloudflare.com\/ajax\/libs\/font-awesome\/6.0.0-beta3\/css\/all.min.css\" rel=\"stylesheet\">\n<style> \n.container{\n  height: 200px;\n  position: relative;\n  border: 0px solid green;\n}\n\n.center{\n  margin: 0;\n  position: absolute;\n  top: 50%;\n  left: 50%;\n  -ms-transform: translate(-50%, -50%);\n  transform: translate(-50%, -50%);\n}\n.button {\n  background-color: #04AA6D;\n  border: none;\n  color: #04AA6D;;\n  padding: 16px 32px;\n  text-align: center;\n  text-decoration: none;\n  display: inline-block;\n  font-size: 16px;\n  margin: 4px 2px;\n  transition-duration: 0.4s;\n  cursor: pointer;\nborder-radius: 25px;\n}\n.button1 {\n  background-color: #04AA6D;\n  color: black; \n  border: 2px solid #04AA6D;\n}\n.button1:hover {\n  background-color: #04AA6D;;\n  color: white;\n}\n<\/style>\n<div class=\"container\">\n  <div class=\"center\">\n<a href=\"https:\/\/whatsapp.com\/channel\/0029Va8neTFCcW4h5pCJrM00\" target=\"_blank\" class=\"button button1\" rel=\"noopener\"> <i class=\"fa-brands fa-whatsapp\"><\/i>&nbsp;&nbsp;&nbsp;\u00danete a nuestro nuestro canal de whatsapp<\/a>\n <\/div>\n<\/div>\n\n\n\n<p style=\"text-align:justify\">La Direcci\u00f3n de Impuestos y Aduanas Nacionales (DIAN) public\u00f3 el Concepto No. 74 de 2025 en el que absolvi\u00f3 la siguiente consulta textual: &#8220;\u00bfEn el diligenciamiento de la declaraci\u00f3n de retenci\u00f3n en la fuente se debe reportar \u00fanicamente las bases sobre las cuales efectivamente se practic\u00f3 retenci\u00f3n en la fuente, o incluye todos los pagos o abonos en cuenta realizados durante el mes, independientemente de si se les aplic\u00f3 retenci\u00f3n?&#8221;.<\/p>\n\n\n\n<p style=\"text-align:justify\">En su respuesta, la entidad precis\u00f3 que la declaraci\u00f3n de retenci\u00f3n en la fuente debe incluir \u00fanicamente las bases gravables sobre las cuales se aplicaron retenciones efectivas, sin considerar pagos o abonos en cuenta no sujetos a este mecanismo de recaudo anticipado del impuesto sobre la renta.<\/p>\n\n\n\n<p style=\"text-align:justify\">Adicionalmente, la administraci\u00f3n tributaria record\u00f3 que, de acuerdo con el art\u00edculo 606 del Estatuto Tributario (ET), la presentaci\u00f3n de la declaraci\u00f3n de retenci\u00f3n en la fuente no ser\u00e1 obligatoria en aquellos per\u00edodos en los que no se hayan efectuado retenciones.<\/p>\n\n\n\n<p>Para m\u00e1s informaci\u00f3n, consulte el documento adjunto.<\/p>\n\n\n\n<p>Ver: <a href=\"https:\/\/incp.org.co\/agendatributariaincp\/wp-content\/uploads\/2025\/03\/Concepto-No.-74-de-2025-\u2013-DIAN.pdf\">Concepto No. 74 de 2025 \u2013 DIAN<\/a><\/p>\n\n\n\n<p><strong>Redacci\u00f3n INCP<\/strong><\/p>\n\n\n\n<hr class=\"wp-block-separator has-alpha-channel-opacity\"\/>\n","protected":false},"excerpt":{"rendered":"<p>&nbsp;&nbsp;&nbsp;\u00danete a nuestro nuestro canal de whatsapp La Direcci\u00f3n de Impuestos y Aduanas Nacionales (DIAN) public\u00f3 el Concepto No. 74 de 2025 en el que absolvi\u00f3 la siguiente consulta textual: &#8220;\u00bfEn el diligenciamiento de la declaraci\u00f3n de retenci\u00f3n en la fuente se debe reportar \u00fanicamente las bases sobre las cuales efectivamente se practic\u00f3 retenci\u00f3n en&hellip; <br \/> <a class=\"read-more\" href=\"https:\/\/incp.org.co\/agendatributariaincp\/noticias\/2025\/02\/dian-confirma-que-en-la-declaracion-de-retencion-en-la-fuente-no-deben-reportarse-pagos-que-no-estan-sujetos-a-retencion\/\">Read more<\/a><\/p>\n","protected":false},"author":27935,"featured_media":3096,"comment_status":"open","ping_status":"open","sticky":false,"template":"","format":"standard","meta":{"footnotes":""},"categories":[13],"tags":[],"class_list":["post-3093","post","type-post","status-publish","format-standard","has-post-thumbnail","hentry","category-noticias"],"_links":{"self":[{"href":"https:\/\/incp.org.co\/agendatributariaincp\/wp-json\/wp\/v2\/posts\/3093","targetHints":{"allow":["GET"]}}],"collection":[{"href":"https:\/\/incp.org.co\/agendatributariaincp\/wp-json\/wp\/v2\/posts"}],"about":[{"href":"https:\/\/incp.org.co\/agendatributariaincp\/wp-json\/wp\/v2\/types\/post"}],"author":[{"embeddable":true,"href":"https:\/\/incp.org.co\/agendatributariaincp\/wp-json\/wp\/v2\/users\/27935"}],"replies":[{"embeddable":true,"href":"https:\/\/incp.org.co\/agendatributariaincp\/wp-json\/wp\/v2\/comments?post=3093"}],"version-history":[{"count":1,"href":"https:\/\/incp.org.co\/agendatributariaincp\/wp-json\/wp\/v2\/posts\/3093\/revisions"}],"predecessor-version":[{"id":3099,"href":"https:\/\/incp.org.co\/agendatributariaincp\/wp-json\/wp\/v2\/posts\/3093\/revisions\/3099"}],"wp:featuredmedia":[{"embeddable":true,"href":"https:\/\/incp.org.co\/agendatributariaincp\/wp-json\/wp\/v2\/media\/3096"}],"wp:attachment":[{"href":"https:\/\/incp.org.co\/agendatributariaincp\/wp-json\/wp\/v2\/media?parent=3093"}],"wp:term":[{"taxonomy":"category","embeddable":true,"href":"https:\/\/incp.org.co\/agendatributariaincp\/wp-json\/wp\/v2\/categories?post=3093"},{"taxonomy":"post_tag","embeddable":true,"href":"https:\/\/incp.org.co\/agendatributariaincp\/wp-json\/wp\/v2\/tags?post=3093"}],"curies":[{"name":"wp","href":"https:\/\/api.w.org\/{rel}","templated":true}]}}