{"id":3095,"date":"2025-02-28T11:14:00","date_gmt":"2025-02-28T16:14:00","guid":{"rendered":"https:\/\/incp.org.co\/agendatributariaincp\/?p=3095"},"modified":"2026-02-18T16:23:20","modified_gmt":"2026-02-18T21:23:20","slug":"companias-holding-colombianas-pueden-compensar-perdidas-fiscales-confirma-la-dian","status":"publish","type":"post","link":"https:\/\/incp.org.co\/agendatributariaincp\/noticias\/2025\/02\/companias-holding-colombianas-pueden-compensar-perdidas-fiscales-confirma-la-dian\/","title":{"rendered":"Compa\u00f1\u00edas Holding Colombianas pueden compensar p\u00e9rdidas fiscales, confirma la DIAN"},"content":{"rendered":"\n<link href=\"https:\/\/cdnjs.cloudflare.com\/ajax\/libs\/font-awesome\/6.0.0-beta3\/css\/all.min.css\" rel=\"stylesheet\">\n<style> \n.container{\n  height: 200px;\n  position: relative;\n  border: 0px solid green;\n}\n\n.center{\n  margin: 0;\n  position: absolute;\n  top: 50%;\n  left: 50%;\n  -ms-transform: translate(-50%, -50%);\n  transform: translate(-50%, -50%);\n}\n.button {\n  background-color: #04AA6D;\n  border: none;\n  color: #04AA6D;;\n  padding: 16px 32px;\n  text-align: center;\n  text-decoration: none;\n  display: inline-block;\n  font-size: 16px;\n  margin: 4px 2px;\n  transition-duration: 0.4s;\n  cursor: pointer;\nborder-radius: 25px;\n}\n.button1 {\n  background-color: #04AA6D;\n  color: black; \n  border: 2px solid #04AA6D;\n}\n.button1:hover {\n  background-color: #04AA6D;;\n  color: white;\n}\n<\/style>\n<div class=\"container\">\n  <div class=\"center\">\n<a href=\"https:\/\/whatsapp.com\/channel\/0029Va8neTFCcW4h5pCJrM00\" target=\"_blank\" class=\"button button1\" rel=\"noopener\"> <i class=\"fa-brands fa-whatsapp\"><\/i>&nbsp;&nbsp;&nbsp;\u00danete a nuestro nuestro canal de whatsapp<\/a>\n <\/div>\n<\/div>\n\n\n\n\n<p style=\"text-align:justify\">La Direcci\u00f3n de Impuestos y Aduanas Nacionales (DIAN) public\u00f3 el Concepto No. 69 de 2025, mediante el cual absolvi\u00f3 la siguiente consulta textual: \u201c\u00bfUna sociedad perteneciente al R\u00e9gimen de <a>Compa\u00f1\u00edas Holding Colombianas <\/a>(CHC) puede liquidar p\u00e9rdidas fiscales respecto de las actividades gravadas con impuesto sobre la renta que realice en el territorio nacional o en el exterior a trav\u00e9s de establecimientos permanentes?\u201d.<\/p>\n\n\n\n<p style=\"text-align:justify\">En su respuesta, la administraci\u00f3n explic\u00f3 que las sociedades acogidas al R\u00e9gimen CHC pueden liquidar p\u00e9rdidas fiscales derivadas de sus actividades gravadas con el impuesto sobre la renta, siempre que los costos y gastos atribuibles a dichas actividades sean superiores a los ingresos obtenidos por las mismas, tal como aparece en el art\u00edculo 177-1 del ET y en la Sentencia del Consejo de Estado No. 24791 del 11 de febrero de 2021.<\/p>\n\n\n\n<p style=\"text-align:justify\">La entidad fundament\u00f3 su pronunciamiento en los art\u00edculos 894 y 898 del Estatuto Tributario (ET), se\u00f1alando que, aunque este r\u00e9gimen otorga beneficios tributarios espec\u00edficos, las CHC est\u00e1n sujetas al r\u00e9gimen general del impuesto sobre la renta en lo que respecta a sus actividades gravadas, tanto en Colombia como en el extranjero a trav\u00e9s de establecimientos permanentes.<\/p>\n\n\n\n<p>Para m\u00e1s informaci\u00f3n, consulte el documento adjunto.<\/p>\n\n\n\n<p>Ver: <a href=\"https:\/\/incp.org.co\/agendatributariaincp\/wp-content\/uploads\/2025\/03\/Concepto-No.-69-de-2025-\u2013-DIAN.pdf\">Concepto No. 69 de 2025 \u2013 DIAN<\/a><\/p>\n\n\n\n<p><strong>Redacci\u00f3n INCP<\/strong><\/p>\n\n\n\n<hr class=\"wp-block-separator has-alpha-channel-opacity\"\/>\n","protected":false},"excerpt":{"rendered":"<p>&nbsp;&nbsp;&nbsp;\u00danete a nuestro nuestro canal de whatsapp La Direcci\u00f3n de Impuestos y Aduanas Nacionales (DIAN) public\u00f3 el Concepto No. 69 de 2025, mediante el cual absolvi\u00f3 la siguiente consulta textual: \u201c\u00bfUna sociedad perteneciente al R\u00e9gimen de Compa\u00f1\u00edas Holding Colombianas (CHC) puede liquidar p\u00e9rdidas fiscales respecto de las actividades gravadas con impuesto sobre la renta que&hellip; <br \/> <a class=\"read-more\" href=\"https:\/\/incp.org.co\/agendatributariaincp\/noticias\/2025\/02\/companias-holding-colombianas-pueden-compensar-perdidas-fiscales-confirma-la-dian\/\">Read more<\/a><\/p>\n","protected":false},"author":27935,"featured_media":3103,"comment_status":"open","ping_status":"open","sticky":false,"template":"","format":"standard","meta":{"footnotes":""},"categories":[13],"tags":[],"class_list":["post-3095","post","type-post","status-publish","format-standard","has-post-thumbnail","hentry","category-noticias"],"_links":{"self":[{"href":"https:\/\/incp.org.co\/agendatributariaincp\/wp-json\/wp\/v2\/posts\/3095","targetHints":{"allow":["GET"]}}],"collection":[{"href":"https:\/\/incp.org.co\/agendatributariaincp\/wp-json\/wp\/v2\/posts"}],"about":[{"href":"https:\/\/incp.org.co\/agendatributariaincp\/wp-json\/wp\/v2\/types\/post"}],"author":[{"embeddable":true,"href":"https:\/\/incp.org.co\/agendatributariaincp\/wp-json\/wp\/v2\/users\/27935"}],"replies":[{"embeddable":true,"href":"https:\/\/incp.org.co\/agendatributariaincp\/wp-json\/wp\/v2\/comments?post=3095"}],"version-history":[{"count":1,"href":"https:\/\/incp.org.co\/agendatributariaincp\/wp-json\/wp\/v2\/posts\/3095\/revisions"}],"predecessor-version":[{"id":3105,"href":"https:\/\/incp.org.co\/agendatributariaincp\/wp-json\/wp\/v2\/posts\/3095\/revisions\/3105"}],"wp:featuredmedia":[{"embeddable":true,"href":"https:\/\/incp.org.co\/agendatributariaincp\/wp-json\/wp\/v2\/media\/3103"}],"wp:attachment":[{"href":"https:\/\/incp.org.co\/agendatributariaincp\/wp-json\/wp\/v2\/media?parent=3095"}],"wp:term":[{"taxonomy":"category","embeddable":true,"href":"https:\/\/incp.org.co\/agendatributariaincp\/wp-json\/wp\/v2\/categories?post=3095"},{"taxonomy":"post_tag","embeddable":true,"href":"https:\/\/incp.org.co\/agendatributariaincp\/wp-json\/wp\/v2\/tags?post=3095"}],"curies":[{"name":"wp","href":"https:\/\/api.w.org\/{rel}","templated":true}]}}