{"id":3097,"date":"2025-03-03T15:14:20","date_gmt":"2025-03-03T20:14:20","guid":{"rendered":"https:\/\/incp.org.co\/agendatributariaincp\/?p=3097"},"modified":"2026-02-18T16:23:14","modified_gmt":"2026-02-18T21:23:14","slug":"dian-anuncia-cambios-en-el-formulario-de-la-declaracion-de-iva-el-impuesto-al-catatumbo-y-timbre","status":"publish","type":"post","link":"https:\/\/incp.org.co\/agendatributariaincp\/noticias\/2025\/03\/dian-anuncia-cambios-en-el-formulario-de-la-declaracion-de-iva-el-impuesto-al-catatumbo-y-timbre\/","title":{"rendered":"DIAN anuncia cambios en el formulario de la declaraci\u00f3n de IVA, el impuesto al Catatumbo y timbre"},"content":{"rendered":"\n<link href=\"https:\/\/cdnjs.cloudflare.com\/ajax\/libs\/font-awesome\/6.0.0-beta3\/css\/all.min.css\" rel=\"stylesheet\">\n<style> \n.container{\n  height: 200px;\n  position: relative;\n  border: 0px solid green;\n}\n\n.center{\n  margin: 0;\n  position: absolute;\n  top: 50%;\n  left: 50%;\n  -ms-transform: translate(-50%, -50%);\n  transform: translate(-50%, -50%);\n}\n.button {\n  background-color: #04AA6D;\n  border: none;\n  color: #04AA6D;;\n  padding: 16px 32px;\n  text-align: center;\n  text-decoration: none;\n  display: inline-block;\n  font-size: 16px;\n  margin: 4px 2px;\n  transition-duration: 0.4s;\n  cursor: pointer;\nborder-radius: 25px;\n}\n.button1 {\n  background-color: #04AA6D;\n  color: black; \n  border: 2px solid #04AA6D;\n}\n.button1:hover {\n  background-color: #04AA6D;;\n  color: white;\n}\n<\/style>\n<div class=\"container\">\n  <div class=\"center\">\n<a href=\"https:\/\/whatsapp.com\/channel\/0029Va8neTFCcW4h5pCJrM00\" target=\"_blank\" class=\"button button1\" rel=\"noopener\"> <i class=\"fa-brands fa-whatsapp\"><\/i>&nbsp;&nbsp;&nbsp;\u00danete a nuestro nuestro canal de whatsapp<\/a>\n <\/div>\n<\/div>\n\n\n\n\n<p style=\"text-align:justify\">La Direcci\u00f3n de Impuestos y Aduanas Nacionales (DIAN) public\u00f3 un comunicado de prensa en el que informa la forma de declarar los impuestos decretados por el estado de conmoci\u00f3n interior.<\/p>\n\n\n\n<p style=\"text-align:justify\">En este contexto, la entidad realiz\u00f3 ajustes en el diligenciamiento de los formularios tributarios con el fin de facilitar el cumplimiento de las obligaciones fiscales derivadas del Decreto No. 0175 de 2025, el cual establece medidas tributarias con vigencia hasta el 31 de diciembre del mismo a\u00f1o.<\/p>\n\n\n\n<p>Entre los cambios implementados, se destacan:<\/p>\n\n\n\n<ul class=\"wp-block-list\">\n<li><p style=\"text-align:justify\">En relaci\u00f3n con el IVA en juegos de suerte y azar, se incorpor\u00f3 una nueva casilla en Formulario No. 300 para diferenciar los ingresos seg\u00fan el origen \u201cPor juegos de suerte y azar\u201d.<\/p><\/li>\n\n\n\n<li><p style=\"text-align:justify\">Para reflejar las retenciones de IVA en juegos operados desde el exterior, se crearon casillas adicionales en el Formulario No. 350.<\/p><\/li>\n\n\n\n<li><p style=\"text-align:justify\">El Impuesto Especial para el Catatumbo, aplicable a la primera venta o exportaci\u00f3n de hidrocarburos y carb\u00f3n, se identificar\u00e1 en los Formularios No. 490 y No. 690 bajo los conceptos de pago correspondientes.<\/p><\/li>\n\n\n\n<li><p style=\"text-align:justify\">La modificaci\u00f3n temporal del Impuesto de Timbre incluye la creaci\u00f3n de nuevas casillas en el Formulario No. 350 para diferenciar las retenciones aplicadas.<\/p><\/li>\n<\/ul>\n\n\n\n<p>Para m\u00e1s informaci\u00f3n, consulte el documento adjunto.<\/p>\n\n\n\n<p>Ver: <a href=\"https:\/\/incp.org.co\/agendatributariaincp\/wp-content\/uploads\/2025\/03\/Comunicado-de-presa-declaracion-impuestos-conmocion-interior-DIAN.pdf\">Comunicado de prensa declaraci\u00f3n impuestos conmoci\u00f3n interior &#8211; DIAN<\/p>\n\n\n\n<p><strong>Redacci\u00f3n INCP<\/strong><\/p>\n\n\n\n<hr class=\"wp-block-separator has-alpha-channel-opacity\"\/>\n","protected":false},"excerpt":{"rendered":"<p>&nbsp;&nbsp;&nbsp;\u00danete a nuestro nuestro canal de whatsapp La Direcci\u00f3n de Impuestos y Aduanas Nacionales (DIAN) public\u00f3 un comunicado de prensa en el que informa la forma de declarar los impuestos decretados por el estado de conmoci\u00f3n interior. En este contexto, la entidad realiz\u00f3 ajustes en el diligenciamiento de los formularios tributarios con el fin de&hellip; <br \/> <a class=\"read-more\" href=\"https:\/\/incp.org.co\/agendatributariaincp\/noticias\/2025\/03\/dian-anuncia-cambios-en-el-formulario-de-la-declaracion-de-iva-el-impuesto-al-catatumbo-y-timbre\/\">Read more<\/a><\/p>\n","protected":false},"author":27935,"featured_media":3106,"comment_status":"open","ping_status":"open","sticky":false,"template":"","format":"standard","meta":{"footnotes":""},"categories":[13],"tags":[],"class_list":["post-3097","post","type-post","status-publish","format-standard","has-post-thumbnail","hentry","category-noticias"],"_links":{"self":[{"href":"https:\/\/incp.org.co\/agendatributariaincp\/wp-json\/wp\/v2\/posts\/3097","targetHints":{"allow":["GET"]}}],"collection":[{"href":"https:\/\/incp.org.co\/agendatributariaincp\/wp-json\/wp\/v2\/posts"}],"about":[{"href":"https:\/\/incp.org.co\/agendatributariaincp\/wp-json\/wp\/v2\/types\/post"}],"author":[{"embeddable":true,"href":"https:\/\/incp.org.co\/agendatributariaincp\/wp-json\/wp\/v2\/users\/27935"}],"replies":[{"embeddable":true,"href":"https:\/\/incp.org.co\/agendatributariaincp\/wp-json\/wp\/v2\/comments?post=3097"}],"version-history":[{"count":1,"href":"https:\/\/incp.org.co\/agendatributariaincp\/wp-json\/wp\/v2\/posts\/3097\/revisions"}],"predecessor-version":[{"id":3108,"href":"https:\/\/incp.org.co\/agendatributariaincp\/wp-json\/wp\/v2\/posts\/3097\/revisions\/3108"}],"wp:featuredmedia":[{"embeddable":true,"href":"https:\/\/incp.org.co\/agendatributariaincp\/wp-json\/wp\/v2\/media\/3106"}],"wp:attachment":[{"href":"https:\/\/incp.org.co\/agendatributariaincp\/wp-json\/wp\/v2\/media?parent=3097"}],"wp:term":[{"taxonomy":"category","embeddable":true,"href":"https:\/\/incp.org.co\/agendatributariaincp\/wp-json\/wp\/v2\/categories?post=3097"},{"taxonomy":"post_tag","embeddable":true,"href":"https:\/\/incp.org.co\/agendatributariaincp\/wp-json\/wp\/v2\/tags?post=3097"}],"curies":[{"name":"wp","href":"https:\/\/api.w.org\/{rel}","templated":true}]}}