{"id":3117,"date":"2025-03-07T08:55:51","date_gmt":"2025-03-07T13:55:51","guid":{"rendered":"https:\/\/incp.org.co\/agendatributariaincp\/?p=3117"},"modified":"2026-02-18T16:23:02","modified_gmt":"2026-02-18T21:23:02","slug":"impuesto-de-timbre-dian-precisa-desde-cuando-aplica-la-tarifa-del-1","status":"publish","type":"post","link":"https:\/\/incp.org.co\/agendatributariaincp\/noticias\/2025\/03\/impuesto-de-timbre-dian-precisa-desde-cuando-aplica-la-tarifa-del-1\/","title":{"rendered":"Impuesto de timbre: DIAN precisa desde cu\u00e1ndo aplica la tarifa del 1 %"},"content":{"rendered":"\n<link href=\"https:\/\/cdnjs.cloudflare.com\/ajax\/libs\/font-awesome\/6.0.0-beta3\/css\/all.min.css\" rel=\"stylesheet\">\n<style> \n.container{\n  height: 200px;\n  position: relative;\n  border: 0px solid green;\n}\n\n.center{\n  margin: 0;\n  position: absolute;\n  top: 50%;\n  left: 50%;\n  -ms-transform: translate(-50%, -50%);\n  transform: translate(-50%, -50%);\n}\n.button {\n  background-color: #04AA6D;\n  border: none;\n  color: #04AA6D;;\n  padding: 16px 32px;\n  text-align: center;\n  text-decoration: none;\n  display: inline-block;\n  font-size: 16px;\n  margin: 4px 2px;\n  transition-duration: 0.4s;\n  cursor: pointer;\nborder-radius: 25px;\n}\n.button1 {\n  background-color: #04AA6D;\n  color: black; \n  border: 2px solid #04AA6D;\n}\n.button1:hover {\n  background-color: #04AA6D;;\n  color: white;\n}\n<\/style>\n<div class=\"container\">\n  <div class=\"center\">\n<a href=\"https:\/\/whatsapp.com\/channel\/0029Va8neTFCcW4h5pCJrM00\" target=\"_blank\" class=\"button button1\" rel=\"noopener\"> <i class=\"fa-brands fa-whatsapp\"><\/i>&nbsp;&nbsp;&nbsp;\u00danete a nuestro nuestro canal de whatsapp<\/a>\n <\/div>\n<\/div>\n\n\n\n<p style=\"text-align:justify\">La Direcci\u00f3n de Impuestos y Aduanas Nacionales (DIAN) public\u00f3 el Concepto No. 303 del 5 de marzo de 2025 en el cual resolvi\u00f3 la siguiente consulta textual: \u201c\u00bfLa nueva tarifa del 1 % para el impuesto de timbre nacional se aplica \u00fanicamente a los documentos suscritos a partir de la entrada en vigor del Decreto No. 0175 de 2025 o tambi\u00e9n cobija a aquellos suscritos con anterioridad a la entrada en vigor del Decreto mencionado?\u201d.<\/p>\n\n\n\n<p style=\"text-align:justify\">En el Decreto No. 0175 de 2025 se hizo una modificaci\u00f3n temporal a la tarifa del impuesto de timbre con el prop\u00f3sito de recaudar recursos destinados a atender la situaci\u00f3n de conmoci\u00f3n interior en la regi\u00f3n del Catatumbo, la cual estar\u00e1 vigente hasta el 31 de diciembre de 2025.<\/p>\n\n\n\n<p style=\"text-align:justify\">En su respuesta, la entidad tributaria aclar\u00f3 que la tarifa del 1 % solo ser\u00e1 exigible a partir del quinto d\u00eda h\u00e1bil posterior a la publicaci\u00f3n del Decreto en el Diario Oficial, es decir, desde el 22 de febrero de 2025. En consecuencia, este tributo gravar\u00e1 los instrumentos p\u00fablicos y documentos privados otorgados o aceptados desde esa fecha en adelante, sin afectar aquellos suscritos con anterioridad.<\/p>\n\n\n\n<p style=\"text-align:justify\">Es importante resaltar que, seg\u00fan la DIAN, la tarifa del 1 % aplicar\u00e1 a documentos suscritos en el exterior que se ejecuten en Colombia o generen obligaciones en el pa\u00eds. Tambi\u00e9n, advirti\u00f3 que algunos contratos cuya liquidaci\u00f3n del tributo no coincide con la ocurrencia del hecho generador, como aquellos de duraci\u00f3n indefinida o cuant\u00eda indeterminada, podr\u00edan requerir un an\u00e1lisis particular para determinar su tratamiento tributario.<\/p>\n\n\n\n<p>Para m\u00e1s informaci\u00f3n, consulte el documento adjunto.<\/p>\n\n\n\n<p>Ver: <a href=\"https:\/\/incp.org.co\/agendatributariaincp\/wp-content\/uploads\/2025\/03\/Concepto-No.-303-del-5-de-marzo-de-2025-\u2013-DIAN.pdf\">Concepto No. 303 del 5 de marzo de 2025 \u2013 DIAN<\/a><\/p>\n\n\n\n<p><strong>Redacci\u00f3n INCP<\/strong><\/p>\n\n\n\n<hr class=\"wp-block-separator has-alpha-channel-opacity\"\/>\n","protected":false},"excerpt":{"rendered":"<p>&nbsp;&nbsp;&nbsp;\u00danete a nuestro nuestro canal de whatsapp La Direcci\u00f3n de Impuestos y Aduanas Nacionales (DIAN) public\u00f3 el Concepto No. 303 del 5 de marzo de 2025 en el cual resolvi\u00f3 la siguiente consulta textual: \u201c\u00bfLa nueva tarifa del 1 % para el impuesto de timbre nacional se aplica \u00fanicamente a los documentos suscritos a partir&hellip; <br \/> <a class=\"read-more\" href=\"https:\/\/incp.org.co\/agendatributariaincp\/noticias\/2025\/03\/impuesto-de-timbre-dian-precisa-desde-cuando-aplica-la-tarifa-del-1\/\">Read more<\/a><\/p>\n","protected":false},"author":27935,"featured_media":3121,"comment_status":"open","ping_status":"open","sticky":false,"template":"","format":"standard","meta":{"footnotes":""},"categories":[13],"tags":[],"class_list":["post-3117","post","type-post","status-publish","format-standard","has-post-thumbnail","hentry","category-noticias"],"_links":{"self":[{"href":"https:\/\/incp.org.co\/agendatributariaincp\/wp-json\/wp\/v2\/posts\/3117","targetHints":{"allow":["GET"]}}],"collection":[{"href":"https:\/\/incp.org.co\/agendatributariaincp\/wp-json\/wp\/v2\/posts"}],"about":[{"href":"https:\/\/incp.org.co\/agendatributariaincp\/wp-json\/wp\/v2\/types\/post"}],"author":[{"embeddable":true,"href":"https:\/\/incp.org.co\/agendatributariaincp\/wp-json\/wp\/v2\/users\/27935"}],"replies":[{"embeddable":true,"href":"https:\/\/incp.org.co\/agendatributariaincp\/wp-json\/wp\/v2\/comments?post=3117"}],"version-history":[{"count":1,"href":"https:\/\/incp.org.co\/agendatributariaincp\/wp-json\/wp\/v2\/posts\/3117\/revisions"}],"predecessor-version":[{"id":3122,"href":"https:\/\/incp.org.co\/agendatributariaincp\/wp-json\/wp\/v2\/posts\/3117\/revisions\/3122"}],"wp:featuredmedia":[{"embeddable":true,"href":"https:\/\/incp.org.co\/agendatributariaincp\/wp-json\/wp\/v2\/media\/3121"}],"wp:attachment":[{"href":"https:\/\/incp.org.co\/agendatributariaincp\/wp-json\/wp\/v2\/media?parent=3117"}],"wp:term":[{"taxonomy":"category","embeddable":true,"href":"https:\/\/incp.org.co\/agendatributariaincp\/wp-json\/wp\/v2\/categories?post=3117"},{"taxonomy":"post_tag","embeddable":true,"href":"https:\/\/incp.org.co\/agendatributariaincp\/wp-json\/wp\/v2\/tags?post=3117"}],"curies":[{"name":"wp","href":"https:\/\/api.w.org\/{rel}","templated":true}]}}