{"id":3153,"date":"2025-03-17T09:11:36","date_gmt":"2025-03-17T14:11:36","guid":{"rendered":"https:\/\/incp.org.co\/agendatributariaincp\/?p=3153"},"modified":"2026-02-18T16:16:20","modified_gmt":"2026-02-18T21:16:20","slug":"socios-y-liquidadores-podrian-responder-por-impuestos-tras-la-disolucion-empresarial","status":"publish","type":"post","link":"https:\/\/incp.org.co\/agendatributariaincp\/noticias\/2025\/03\/socios-y-liquidadores-podrian-responder-por-impuestos-tras-la-disolucion-empresarial\/","title":{"rendered":"Socios y liquidadores podr\u00edan responder por impuestos tras la disoluci\u00f3n empresarial"},"content":{"rendered":"\n<link href=\"https:\/\/cdnjs.cloudflare.com\/ajax\/libs\/font-awesome\/6.0.0-beta3\/css\/all.min.css\" rel=\"stylesheet\">\n<style> \n.container{\n  height: 200px;\n  position: relative;\n  border: 0px solid green;\n}\n\n.center{\n  margin: 0;\n  position: absolute;\n  top: 50%;\n  left: 50%;\n  -ms-transform: translate(-50%, -50%);\n  transform: translate(-50%, -50%);\n}\n.button {\n  background-color: #04AA6D;\n  border: none;\n  color: #04AA6D;;\n  padding: 16px 32px;\n  text-align: center;\n  text-decoration: none;\n  display: inline-block;\n  font-size: 16px;\n  margin: 4px 2px;\n  transition-duration: 0.4s;\n  cursor: pointer;\nborder-radius: 25px;\n}\n.button1 {\n  background-color: #04AA6D;\n  color: black; \n  border: 2px solid #04AA6D;\n}\n.button1:hover {\n  background-color: #04AA6D;;\n  color: white;\n}\n<\/style>\n<div class=\"container\">\n  <div class=\"center\">\n<a href=\"https:\/\/whatsapp.com\/channel\/0029Va8neTFCcW4h5pCJrM00\" target=\"_blank\" class=\"button button1\" rel=\"noopener\"> <i class=\"fa-brands fa-whatsapp\"><\/i>&nbsp;&nbsp;&nbsp;\u00danete a nuestro nuestro canal de whatsapp<\/a>\n <\/div>\n<\/div>\n\n\n\n<p style=\"text-align:justify\">La Direcci\u00f3n de Impuestos y Aduanas Nacionales (DIAN) public\u00f3 el Concepto No. 207 de 2025 en el que resolvi\u00f3 una duda relacionada con la posibilidad de continuar con las actuaciones administrativas tributarias contra sociedades liquidadas.<\/p>\n\n\n\n<p style=\"text-align:justify\">La entidad respondi\u00f3 que, una vez inscrita la cuenta final de liquidaci\u00f3n en el Registro Mercantil, la sociedad pierde su personer\u00eda jur\u00eddica, lo que impide a la administraci\u00f3n tributaria emitir liquidaciones oficiales de revisi\u00f3n o resoluciones sanci\u00f3n en su contra. Sin embargo, aclar\u00f3 que la responsabilidad tributaria puede trasladarse al liquidador o a los socios si fueron debidamente vinculados en el proceso de fiscalizaci\u00f3n y no cumplieron con sus obligaciones legales.<\/p>\n\n\n\n<p style=\"text-align:justify\">El concepto destaca que, conforme al art\u00edculo 847 del Estatuto Tributario (ET), el representante legal debe informar a la DIAN sobre la disoluci\u00f3n de la sociedad dentro de los diez d\u00edas siguientes a su inicio. Adem\u00e1s, el liquidador tiene la obligaci\u00f3n de garantizar la prelaci\u00f3n de los cr\u00e9ditos fiscales antes de distribuir los activos. Si estos deberes no se cumplen, tanto el liquidador como los socios pueden ser responsables solidarios por las obligaciones tributarias insolutas, de acuerdo con el art\u00edculo 794 del mismo estatuto.<\/p>\n\n\n\n<p style=\"text-align:justify\">En conclusi\u00f3n, aunque la administraci\u00f3n tributaria no puede continuar actuaciones contra sociedades extinguidas, s\u00ed puede adelantar procesos de cobro contra los responsables solidarios, siempre que hayan sido notificados y vinculados oportunamente.<\/p>\n\n\n\n<p>Para m\u00e1s informaci\u00f3n, consulte el documento adjunto.<\/p>\n\n\n\n<p>Ver: <a href=\"https:\/\/incp.org.co\/agendatributariaincp\/wp-content\/uploads\/2025\/03\/Concepto-No.-207-de-2025-\u2013-DIAN.pdf\">Concepto No. 207 de 2025 \u2013 DIAN<\/a><\/p>\n\n\n\n<p><strong>Redacci\u00f3n INCP<\/strong><\/p>\n\n\n\n<hr class=\"wp-block-separator has-alpha-channel-opacity\"\/>\n","protected":false},"excerpt":{"rendered":"<p>&nbsp;&nbsp;&nbsp;\u00danete a nuestro nuestro canal de whatsapp La Direcci\u00f3n de Impuestos y Aduanas Nacionales (DIAN) public\u00f3 el Concepto No. 207 de 2025 en el que resolvi\u00f3 una duda relacionada con la posibilidad de continuar con las actuaciones administrativas tributarias contra sociedades liquidadas. La entidad respondi\u00f3 que, una vez inscrita la cuenta final de liquidaci\u00f3n en&hellip; <br \/> <a class=\"read-more\" href=\"https:\/\/incp.org.co\/agendatributariaincp\/noticias\/2025\/03\/socios-y-liquidadores-podrian-responder-por-impuestos-tras-la-disolucion-empresarial\/\">Read more<\/a><\/p>\n","protected":false},"author":27935,"featured_media":3154,"comment_status":"open","ping_status":"open","sticky":false,"template":"","format":"standard","meta":{"footnotes":""},"categories":[13],"tags":[],"class_list":["post-3153","post","type-post","status-publish","format-standard","has-post-thumbnail","hentry","category-noticias"],"_links":{"self":[{"href":"https:\/\/incp.org.co\/agendatributariaincp\/wp-json\/wp\/v2\/posts\/3153","targetHints":{"allow":["GET"]}}],"collection":[{"href":"https:\/\/incp.org.co\/agendatributariaincp\/wp-json\/wp\/v2\/posts"}],"about":[{"href":"https:\/\/incp.org.co\/agendatributariaincp\/wp-json\/wp\/v2\/types\/post"}],"author":[{"embeddable":true,"href":"https:\/\/incp.org.co\/agendatributariaincp\/wp-json\/wp\/v2\/users\/27935"}],"replies":[{"embeddable":true,"href":"https:\/\/incp.org.co\/agendatributariaincp\/wp-json\/wp\/v2\/comments?post=3153"}],"version-history":[{"count":2,"href":"https:\/\/incp.org.co\/agendatributariaincp\/wp-json\/wp\/v2\/posts\/3153\/revisions"}],"predecessor-version":[{"id":3159,"href":"https:\/\/incp.org.co\/agendatributariaincp\/wp-json\/wp\/v2\/posts\/3153\/revisions\/3159"}],"wp:featuredmedia":[{"embeddable":true,"href":"https:\/\/incp.org.co\/agendatributariaincp\/wp-json\/wp\/v2\/media\/3154"}],"wp:attachment":[{"href":"https:\/\/incp.org.co\/agendatributariaincp\/wp-json\/wp\/v2\/media?parent=3153"}],"wp:term":[{"taxonomy":"category","embeddable":true,"href":"https:\/\/incp.org.co\/agendatributariaincp\/wp-json\/wp\/v2\/categories?post=3153"},{"taxonomy":"post_tag","embeddable":true,"href":"https:\/\/incp.org.co\/agendatributariaincp\/wp-json\/wp\/v2\/tags?post=3153"}],"curies":[{"name":"wp","href":"https:\/\/api.w.org\/{rel}","templated":true}]}}