{"id":3166,"date":"2025-03-20T09:21:19","date_gmt":"2025-03-20T14:21:19","guid":{"rendered":"https:\/\/incp.org.co\/agendatributariaincp\/?p=3166"},"modified":"2026-02-18T15:36:36","modified_gmt":"2026-02-18T20:36:36","slug":"dian-se-refiere-a-la-aplicacion-del-impuesto-especial-para-el-catatumbo","status":"publish","type":"post","link":"https:\/\/incp.org.co\/agendatributariaincp\/noticias\/2025\/03\/dian-se-refiere-a-la-aplicacion-del-impuesto-especial-para-el-catatumbo\/","title":{"rendered":"DIAN se refiere a la aplicaci\u00f3n del Impuesto Especial para el Catatumbo"},"content":{"rendered":"\n<link href=\"https:\/\/cdnjs.cloudflare.com\/ajax\/libs\/font-awesome\/6.0.0-beta3\/css\/all.min.css\" rel=\"stylesheet\">\n<style> \n.container{\n  height: 200px;\n  position: relative;\n  border: 0px solid green;\n}\n\n.center{\n  margin: 0;\n  position: absolute;\n  top: 50%;\n  left: 50%;\n  -ms-transform: translate(-50%, -50%);\n  transform: translate(-50%, -50%);\n}\n.button {\n  background-color: #04AA6D;\n  border: none;\n  color: #04AA6D;;\n  padding: 16px 32px;\n  text-align: center;\n  text-decoration: none;\n  display: inline-block;\n  font-size: 16px;\n  margin: 4px 2px;\n  transition-duration: 0.4s;\n  cursor: pointer;\nborder-radius: 25px;\n}\n.button1 {\n  background-color: #04AA6D;\n  color: black; \n  border: 2px solid #04AA6D;\n}\n.button1:hover {\n  background-color: #04AA6D;;\n  color: white;\n}\n<\/style>\n<div class=\"container\">\n  <div class=\"center\">\n<a href=\"https:\/\/whatsapp.com\/channel\/0029Va8neTFCcW4h5pCJrM00\" target=\"_blank\" class=\"button button1\" rel=\"noopener\"> <i class=\"fa-brands fa-whatsapp\"><\/i>&nbsp;&nbsp;&nbsp;\u00danete a nuestro nuestro canal de whatsapp<\/a>\n <\/div>\n<\/div>\n\n\n\n\n<p style=\"text-align:justify\">La Direcci\u00f3n de Impuestos y Aduanas Nacionales (DIAN) public\u00f3 el Concepto No. 295 del 4 de marzo de 2025, en el que resolvi\u00f3 una consulta relacionada con la generaci\u00f3n del Impuesto Especial para el Catatumbo creado mediante el <a href=\"https:\/\/incp.org.co\/publicaciones\/infoincp-publicaciones\/impuestos\/2025\/02\/se-crearon-nuevos-impuestos-para-atender-la-conmocion-interior-del-catatumbo\/\">Decreto No. 0175 de 2025<\/a>\u00a0. La consulta planteaba si dicho impuesto se causaba tanto en la primera venta de hidrocarburos o carb\u00f3n dentro del pa\u00eds como en la posterior exportaci\u00f3n de estos bienes.<\/p>\n\n\n\n<p>En su respuesta, la entidad confirm\u00f3 que el impuesto se genera en dos momentos distintos:<\/p>\n\n\n\n<ol class=\"wp-block-list\">\n<li><p style=\"text-align:justify\">En la primera venta nacional de hidrocarburos o carb\u00f3n, con la emisi\u00f3n de la factura o en el momento de la primera entrega del bien.<\/p><\/li>\n\n\n\n<li>En la exportaci\u00f3n, con la presentaci\u00f3n y aceptaci\u00f3n de la solicitud de autorizaci\u00f3n de embarque.<\/li>\n<\/ol>\n\n\n\n<p style=\"text-align:justify\">Al respecto, la administraci\u00f3n tributaria explic\u00f3 que ambos hechos imponibles pueden concurrir sobre un mismo producto y que se debe aplicar una tarifa del 1% en cada evento. Tambi\u00e9n aclar\u00f3 que existen dos excepciones en las que el impuesto solo se causar\u00eda una vez:<\/p>\n\n\n\n<ol class=\"wp-block-list\">\n<li><p style=\"text-align:justify\">Si los hidrocarburos provienen de regal\u00edas administradas por la Agencia Nacional de Hidrocarburos y son exportados.<\/p><\/li>\n\n\n\n<li>Cuando el mismo productor realiza directamente la exportaci\u00f3n.<\/li>\n<\/ol>\n\n\n\n<p>Para m\u00e1s informaci\u00f3n, consulte el documento adjunto.<\/p>\n\n\n\n<p>Ver: <a href=\"https:\/\/incp.org.co\/agendatributariaincp\/wp-content\/uploads\/2025\/03\/Concepto-No.-295-del-4-de-marzo-de-2025-\u2013-DIAN.pdf\">Concepto No. 295 del 4 de marzo de 2025 \u2013 DIAN<\/a><\/p>\n\n\n\n<p><strong>Redacci\u00f3n INCP<\/strong><\/p>\n\n\n\n<hr class=\"wp-block-separator has-alpha-channel-opacity\"\/>\n","protected":false},"excerpt":{"rendered":"<p>&nbsp;&nbsp;&nbsp;\u00danete a nuestro nuestro canal de whatsapp La Direcci\u00f3n de Impuestos y Aduanas Nacionales (DIAN) public\u00f3 el Concepto No. 295 del 4 de marzo de 2025, en el que resolvi\u00f3 una consulta relacionada con la generaci\u00f3n del Impuesto Especial para el Catatumbo creado mediante el Decreto No. 0175 de 2025\u00a0. La consulta planteaba si dicho&hellip; <br \/> <a class=\"read-more\" href=\"https:\/\/incp.org.co\/agendatributariaincp\/noticias\/2025\/03\/dian-se-refiere-a-la-aplicacion-del-impuesto-especial-para-el-catatumbo\/\">Read more<\/a><\/p>\n","protected":false},"author":27935,"featured_media":3170,"comment_status":"open","ping_status":"open","sticky":false,"template":"","format":"standard","meta":{"footnotes":""},"categories":[13],"tags":[],"class_list":["post-3166","post","type-post","status-publish","format-standard","has-post-thumbnail","hentry","category-noticias"],"_links":{"self":[{"href":"https:\/\/incp.org.co\/agendatributariaincp\/wp-json\/wp\/v2\/posts\/3166","targetHints":{"allow":["GET"]}}],"collection":[{"href":"https:\/\/incp.org.co\/agendatributariaincp\/wp-json\/wp\/v2\/posts"}],"about":[{"href":"https:\/\/incp.org.co\/agendatributariaincp\/wp-json\/wp\/v2\/types\/post"}],"author":[{"embeddable":true,"href":"https:\/\/incp.org.co\/agendatributariaincp\/wp-json\/wp\/v2\/users\/27935"}],"replies":[{"embeddable":true,"href":"https:\/\/incp.org.co\/agendatributariaincp\/wp-json\/wp\/v2\/comments?post=3166"}],"version-history":[{"count":1,"href":"https:\/\/incp.org.co\/agendatributariaincp\/wp-json\/wp\/v2\/posts\/3166\/revisions"}],"predecessor-version":[{"id":3171,"href":"https:\/\/incp.org.co\/agendatributariaincp\/wp-json\/wp\/v2\/posts\/3166\/revisions\/3171"}],"wp:featuredmedia":[{"embeddable":true,"href":"https:\/\/incp.org.co\/agendatributariaincp\/wp-json\/wp\/v2\/media\/3170"}],"wp:attachment":[{"href":"https:\/\/incp.org.co\/agendatributariaincp\/wp-json\/wp\/v2\/media?parent=3166"}],"wp:term":[{"taxonomy":"category","embeddable":true,"href":"https:\/\/incp.org.co\/agendatributariaincp\/wp-json\/wp\/v2\/categories?post=3166"},{"taxonomy":"post_tag","embeddable":true,"href":"https:\/\/incp.org.co\/agendatributariaincp\/wp-json\/wp\/v2\/tags?post=3166"}],"curies":[{"name":"wp","href":"https:\/\/api.w.org\/{rel}","templated":true}]}}