{"id":3167,"date":"2025-03-20T09:21:35","date_gmt":"2025-03-20T14:21:35","guid":{"rendered":"https:\/\/incp.org.co\/agendatributariaincp\/?p=3167"},"modified":"2026-02-18T15:36:08","modified_gmt":"2026-02-18T20:36:08","slug":"como-se-puede-deducir-el-ica-en-la-declaracion-de-renta","status":"publish","type":"post","link":"https:\/\/incp.org.co\/agendatributariaincp\/noticias\/2025\/03\/como-se-puede-deducir-el-ica-en-la-declaracion-de-renta\/","title":{"rendered":"\u00bfC\u00f3mo se puede deducir el ICA en la declaraci\u00f3n de renta?"},"content":{"rendered":"\n<link href=\"https:\/\/cdnjs.cloudflare.com\/ajax\/libs\/font-awesome\/6.0.0-beta3\/css\/all.min.css\" rel=\"stylesheet\">\n<style> \n.container{\n  height: 200px;\n  position: relative;\n  border: 0px solid green;\n}\n\n.center{\n  margin: 0;\n  position: absolute;\n  top: 50%;\n  left: 50%;\n  -ms-transform: translate(-50%, -50%);\n  transform: translate(-50%, -50%);\n}\n.button {\n  background-color: #04AA6D;\n  border: none;\n  color: #04AA6D;;\n  padding: 16px 32px;\n  text-align: center;\n  text-decoration: none;\n  display: inline-block;\n  font-size: 16px;\n  margin: 4px 2px;\n  transition-duration: 0.4s;\n  cursor: pointer;\nborder-radius: 25px;\n}\n.button1 {\n  background-color: #04AA6D;\n  color: black; \n  border: 2px solid #04AA6D;\n}\n.button1:hover {\n  background-color: #04AA6D;;\n  color: white;\n}\n<\/style>\n<div class=\"container\">\n  <div class=\"center\">\n<a href=\"https:\/\/whatsapp.com\/channel\/0029Va8neTFCcW4h5pCJrM00\" target=\"_blank\" class=\"button button1\" rel=\"noopener\"> <i class=\"fa-brands fa-whatsapp\"><\/i>&nbsp;&nbsp;&nbsp;\u00danete a nuestro nuestro canal de whatsapp<\/a>\n <\/div>\n<\/div>\n\n\n\n\n<p style=\"text-align:justify\">La Direcci\u00f3n de Impuestos y Aduanas Nacionales (DIAN) public\u00f3 el Concepto No. 211 de 2025 en el que respondi\u00f3 a una consulta relacionada con el impuesto de industria y comercio (ICA). En esta, se le preguntaba a la entidad si dicho impuesto es deducible del impuesto sobre la renta y complementarios, en los t\u00e9rminos del art\u00edculo 115 del Estatuto Tributario (ET).<\/p>\n\n\n\n<p style=\"text-align:justify\">La administraci\u00f3n tributaria se\u00f1al\u00f3 que el ICA es deducible del impuesto sobre la renta, siempre que exista relaci\u00f3n de causalidad con la actividad productora de renta del contribuyente. Tambi\u00e9n indic\u00f3 que el pago efectivo del ICA debe realizarse antes de la presentaci\u00f3n de la declaraci\u00f3n inicial del impuesto sobre la renta, conforme al art\u00edculo 115-1 del ET.<\/p>\n\n\n\n<p style=\"text-align:justify\">Por otro lado, el ICA es un tributo de car\u00e1cter territorial regulado en el art\u00edculo 32 de la Ley 14 de 1983, el cual grava el ejercicio de actividades comerciales, industriales y de servicios dentro de las jurisdicciones municipales. Este gravamen aplica a personas naturales y jur\u00eddicas, sin distinci\u00f3n respecto de la existencia de un establecimiento de comercio, y cubre tanto actividades de car\u00e1cter permanente como ocasional.<\/p>\n\n\n\n<p style=\"text-align:justify\">Finalmente, la DIAN explic\u00f3 que, antes de la expedici\u00f3n de la Ley 2277 de 2022, el art\u00edculo 115 del ET permit\u00eda descontar hasta el 50 % del ICA en la declaraci\u00f3n de renta. Sin embargo, con la modificaci\u00f3n introducida por dicha ley, el ICA dej\u00f3 de ser un descuento tributario y pas\u00f3 a ser un gasto deducible al 100%, siempre que cumpla con los requisitos establecidos en los art\u00edculos 115 y 115-1 del ET.<\/p>\n\n\n\n<p>Para m\u00e1s informaci\u00f3n, consulte el documento adjunto.<\/p>\n\n\n\n<p>Ver: <a href=\"https:\/\/incp.org.co\/agendatributariaincp\/wp-content\/uploads\/2025\/03\/Concepto-No.-211-de-2025-\u2013-DIAN.pdf\">Concepto No. 211 de 2025 \u2013 DIAN<\/a><\/p>\n\n\n\n<p><strong>Redacci\u00f3n INCP<\/strong><\/p>\n\n\n\n<hr class=\"wp-block-separator has-alpha-channel-opacity\"\/>\n","protected":false},"excerpt":{"rendered":"<p>&nbsp;&nbsp;&nbsp;\u00danete a nuestro nuestro canal de whatsapp La Direcci\u00f3n de Impuestos y Aduanas Nacionales (DIAN) public\u00f3 el Concepto No. 211 de 2025 en el que respondi\u00f3 a una consulta relacionada con el impuesto de industria y comercio (ICA). En esta, se le preguntaba a la entidad si dicho impuesto es deducible del impuesto sobre la&hellip; <br \/> <a class=\"read-more\" href=\"https:\/\/incp.org.co\/agendatributariaincp\/noticias\/2025\/03\/como-se-puede-deducir-el-ica-en-la-declaracion-de-renta\/\">Read more<\/a><\/p>\n","protected":false},"author":27935,"featured_media":3173,"comment_status":"open","ping_status":"open","sticky":false,"template":"","format":"standard","meta":{"footnotes":""},"categories":[13],"tags":[],"class_list":["post-3167","post","type-post","status-publish","format-standard","has-post-thumbnail","hentry","category-noticias"],"_links":{"self":[{"href":"https:\/\/incp.org.co\/agendatributariaincp\/wp-json\/wp\/v2\/posts\/3167","targetHints":{"allow":["GET"]}}],"collection":[{"href":"https:\/\/incp.org.co\/agendatributariaincp\/wp-json\/wp\/v2\/posts"}],"about":[{"href":"https:\/\/incp.org.co\/agendatributariaincp\/wp-json\/wp\/v2\/types\/post"}],"author":[{"embeddable":true,"href":"https:\/\/incp.org.co\/agendatributariaincp\/wp-json\/wp\/v2\/users\/27935"}],"replies":[{"embeddable":true,"href":"https:\/\/incp.org.co\/agendatributariaincp\/wp-json\/wp\/v2\/comments?post=3167"}],"version-history":[{"count":1,"href":"https:\/\/incp.org.co\/agendatributariaincp\/wp-json\/wp\/v2\/posts\/3167\/revisions"}],"predecessor-version":[{"id":3174,"href":"https:\/\/incp.org.co\/agendatributariaincp\/wp-json\/wp\/v2\/posts\/3167\/revisions\/3174"}],"wp:featuredmedia":[{"embeddable":true,"href":"https:\/\/incp.org.co\/agendatributariaincp\/wp-json\/wp\/v2\/media\/3173"}],"wp:attachment":[{"href":"https:\/\/incp.org.co\/agendatributariaincp\/wp-json\/wp\/v2\/media?parent=3167"}],"wp:term":[{"taxonomy":"category","embeddable":true,"href":"https:\/\/incp.org.co\/agendatributariaincp\/wp-json\/wp\/v2\/categories?post=3167"},{"taxonomy":"post_tag","embeddable":true,"href":"https:\/\/incp.org.co\/agendatributariaincp\/wp-json\/wp\/v2\/tags?post=3167"}],"curies":[{"name":"wp","href":"https:\/\/api.w.org\/{rel}","templated":true}]}}