{"id":3178,"date":"2025-03-26T09:10:00","date_gmt":"2025-03-26T14:10:00","guid":{"rendered":"https:\/\/incp.org.co\/agendatributariaincp\/?p=3178"},"modified":"2026-02-18T15:36:27","modified_gmt":"2026-02-18T20:36:27","slug":"hoteleria-en-parques-nacionales-esta-excluida-del-iva","status":"publish","type":"post","link":"https:\/\/incp.org.co\/agendatributariaincp\/noticias\/2025\/03\/hoteleria-en-parques-nacionales-esta-excluida-del-iva\/","title":{"rendered":"Hoteler\u00eda en parques nacionales: \u00bfest\u00e1 excluida del IVA?"},"content":{"rendered":"\n<link href=\"https:\/\/cdnjs.cloudflare.com\/ajax\/libs\/font-awesome\/6.0.0-beta3\/css\/all.min.css\" rel=\"stylesheet\">\n<style> \n.container{\n  height: 200px;\n  position: relative;\n  border: 0px solid green;\n}\n\n.center{\n  margin: 0;\n  position: absolute;\n  top: 50%;\n  left: 50%;\n  -ms-transform: translate(-50%, -50%);\n  transform: translate(-50%, -50%);\n}\n.button {\n  background-color: #04AA6D;\n  border: none;\n  color: #04AA6D;;\n  padding: 16px 32px;\n  text-align: center;\n  text-decoration: none;\n  display: inline-block;\n  font-size: 16px;\n  margin: 4px 2px;\n  transition-duration: 0.4s;\n  cursor: pointer;\nborder-radius: 25px;\n}\n.button1 {\n  background-color: #04AA6D;\n  color: black; \n  border: 2px solid #04AA6D;\n}\n.button1:hover {\n  background-color: #04AA6D;;\n  color: white;\n}\n<\/style>\n<div class=\"container\">\n  <div class=\"center\">\n<a href=\"https:\/\/whatsapp.com\/channel\/0029Va8neTFCcW4h5pCJrM00\" target=\"_blank\" class=\"button button1\" rel=\"noopener\"> <i class=\"fa-brands fa-whatsapp\"><\/i>&nbsp;&nbsp;&nbsp;\u00danete a nuestro nuestro canal de whatsapp<\/a>\n <\/div>\n<\/div>\n\n\n\n\n<p style=\"text-align:justify\">La Direcci\u00f3n de Impuestos y Aduanas Nacionales (DIAN) public\u00f3 el Concepto No. 282 de 2025 en el que respondi\u00f3 una consulta relacionada con el servicio de hoteler\u00edas al interior de parques nacionales naturales. En esta, se preguntaban si dichos hoteles se encontraban excluido del impuesto sobre las ventas \u2013 IVA.<\/p>\n\n\n\n<p style=\"text-align:justify\">La entidad indic\u00f3 que estos servicios no est\u00e1n excluidos del IVA, excepto si se prestan en una zona de r\u00e9gimen aduanero especial, conforme al numeral 26 del art\u00edculo 476 del Estatuto Tributario (ET), como Urab\u00e1, Tumaco, Guapi, In\u00edrida, Puerto Carre\u00f1o, La Primavera, Cumaribo, Maicao, Uribia y Manaure, o en el Departamento Archipi\u00e9lago de San Andr\u00e9s, Providencia y Santa Catalina, seg\u00fan lo establecido en el art\u00edculo 22 de la Ley 47 de 1993.<\/p>\n\n\n\n<p style=\"text-align:justify\">Aunque han existido normas que han establecido la exclusi\u00f3n del IVA para la prestaci\u00f3n de servicios de hoteler\u00eda y turismo, estas han sido normas transitorias. De esta forma, la DIAN concluy\u00f3 que, fuera de estos territorios espec\u00edficos anteriormente mencionados, la prestaci\u00f3n de servicios de hoteler\u00eda dentro de parques nacionales naturales est\u00e1 gravada con este impuesto y los responsables deber\u00e1n cumplir con las obligaciones tributarias establecidas en la normativa vigente.<\/p>\n\n\n\n<p>Para m\u00e1s informaci\u00f3n, consulte el documento adjunto.<\/p>\n\n\n\n<p>Ver: Concepto No. 282 de 2025 \u2013 DIAN<\/p>\n\n\n\n<p><strong>Redacci\u00f3n INCP<\/strong><\/p>\n\n\n\n<hr class=\"wp-block-separator has-alpha-channel-opacity\"\/>\n","protected":false},"excerpt":{"rendered":"<p>&nbsp;&nbsp;&nbsp;\u00danete a nuestro nuestro canal de whatsapp La Direcci\u00f3n de Impuestos y Aduanas Nacionales (DIAN) public\u00f3 el Concepto No. 282 de 2025 en el que respondi\u00f3 una consulta relacionada con el servicio de hoteler\u00edas al interior de parques nacionales naturales. En esta, se preguntaban si dichos hoteles se encontraban excluido del impuesto sobre las ventas&hellip; <br \/> <a class=\"read-more\" href=\"https:\/\/incp.org.co\/agendatributariaincp\/noticias\/2025\/03\/hoteleria-en-parques-nacionales-esta-excluida-del-iva\/\">Read more<\/a><\/p>\n","protected":false},"author":27935,"featured_media":3179,"comment_status":"open","ping_status":"open","sticky":false,"template":"","format":"standard","meta":{"footnotes":""},"categories":[13],"tags":[],"class_list":["post-3178","post","type-post","status-publish","format-standard","has-post-thumbnail","hentry","category-noticias"],"_links":{"self":[{"href":"https:\/\/incp.org.co\/agendatributariaincp\/wp-json\/wp\/v2\/posts\/3178","targetHints":{"allow":["GET"]}}],"collection":[{"href":"https:\/\/incp.org.co\/agendatributariaincp\/wp-json\/wp\/v2\/posts"}],"about":[{"href":"https:\/\/incp.org.co\/agendatributariaincp\/wp-json\/wp\/v2\/types\/post"}],"author":[{"embeddable":true,"href":"https:\/\/incp.org.co\/agendatributariaincp\/wp-json\/wp\/v2\/users\/27935"}],"replies":[{"embeddable":true,"href":"https:\/\/incp.org.co\/agendatributariaincp\/wp-json\/wp\/v2\/comments?post=3178"}],"version-history":[{"count":1,"href":"https:\/\/incp.org.co\/agendatributariaincp\/wp-json\/wp\/v2\/posts\/3178\/revisions"}],"predecessor-version":[{"id":3180,"href":"https:\/\/incp.org.co\/agendatributariaincp\/wp-json\/wp\/v2\/posts\/3178\/revisions\/3180"}],"wp:featuredmedia":[{"embeddable":true,"href":"https:\/\/incp.org.co\/agendatributariaincp\/wp-json\/wp\/v2\/media\/3179"}],"wp:attachment":[{"href":"https:\/\/incp.org.co\/agendatributariaincp\/wp-json\/wp\/v2\/media?parent=3178"}],"wp:term":[{"taxonomy":"category","embeddable":true,"href":"https:\/\/incp.org.co\/agendatributariaincp\/wp-json\/wp\/v2\/categories?post=3178"},{"taxonomy":"post_tag","embeddable":true,"href":"https:\/\/incp.org.co\/agendatributariaincp\/wp-json\/wp\/v2\/tags?post=3178"}],"curies":[{"name":"wp","href":"https:\/\/api.w.org\/{rel}","templated":true}]}}