{"id":3187,"date":"2025-03-31T23:43:01","date_gmt":"2025-04-01T04:43:01","guid":{"rendered":"https:\/\/incp.org.co\/agendatributariaincp\/?p=3187"},"modified":"2026-02-18T15:33:54","modified_gmt":"2026-02-18T20:33:54","slug":"microempresas-deben-declarar-renta-con-base-en-el-devengo","status":"publish","type":"post","link":"https:\/\/incp.org.co\/agendatributariaincp\/noticias\/2025\/03\/microempresas-deben-declarar-renta-con-base-en-el-devengo\/","title":{"rendered":"Microempresas deben declarar renta con base en el devengo"},"content":{"rendered":"\n<link href=\"https:\/\/cdnjs.cloudflare.com\/ajax\/libs\/font-awesome\/6.0.0-beta3\/css\/all.min.css\" rel=\"stylesheet\">\n<style> \n.container{\n  height: 200px;\n  position: relative;\n  border: 0px solid green;\n}\n\n.center{\n  margin: 0;\n  position: absolute;\n  top: 50%;\n  left: 50%;\n  -ms-transform: translate(-50%, -50%);\n  transform: translate(-50%, -50%);\n}\n.button {\n  background-color: #04AA6D;\n  border: none;\n  color: #04AA6D;;\n  padding: 16px 32px;\n  text-align: center;\n  text-decoration: none;\n  display: inline-block;\n  font-size: 16px;\n  margin: 4px 2px;\n  transition-duration: 0.4s;\n  cursor: pointer;\nborder-radius: 25px;\n}\n.button1 {\n  background-color: #04AA6D;\n  color: black; \n  border: 2px solid #04AA6D;\n}\n.button1:hover {\n  background-color: #04AA6D;;\n  color: white;\n}\n<\/style>\n<div class=\"container\">\n  <div class=\"center\">\n<a href=\"https:\/\/whatsapp.com\/channel\/0029Va8neTFCcW4h5pCJrM00\" target=\"_blank\" class=\"button button1\" rel=\"noopener\"> <i class=\"fa-brands fa-whatsapp\"><\/i>&nbsp;&nbsp;&nbsp;\u00danete a nuestro nuestro canal de whatsapp<\/a>\n <\/div>\n<\/div>\n\n\n\n\n<p style=\"text-align:justify\">La Direcci\u00f3n de Impuestos y Aduanas Nacionales (DIAN) public\u00f3 el Concepto No. 38 de 2025, en el cual resolvi\u00f3 una consulta sobre la existencia de normativa fiscal que reglamente la aplicaci\u00f3n de sistemas de contabilidad basados en el m\u00e9todo de caja o en m\u00e9todos mixtos, por parte de microempresarios, para efectos del impuesto sobre la renta y complementarios.<\/p>\n\n\n\n<p style=\"text-align:justify\">La administraci\u00f3n tributaria aclar\u00f3 que, aunque el art\u00edculo 2 de la Ley 1314 de 2009, faculta al Gobierno Nacional para reglamentar los sistemas contables de los microempresarios, actualmente no existe un desarrollo reglamentario en el \u00e1mbito fiscal.<\/p>\n\n\n\n<p style=\"text-align:justify\">Si bien el art\u00edculo 4 de la Ley 1314 de 2009 establece la independencia entre las normas tributarias y contables, el art\u00edculo 21-1 del Estatuto Tributario (ET) se\u00f1ala que, para la determinaci\u00f3n del impuesto sobre la renta y complementarios, los contribuyentes obligados a llevar contabilidad deben aplicar los sistemas de reconocimiento y medici\u00f3n de los marcos t\u00e9cnicos normativos contables vigentes en Colombia, salvo que la ley tributaria disponga un tratamiento diferente. Adem\u00e1s, indic\u00f3 que los ingresos, costos y gastos deben registrarse teniendo en cuenta la base contable de acumulaci\u00f3n o devengo, sin importar el momento en que se realicen los cobros o pagos.<\/p>\n\n\n\n<p style=\"text-align:justify\">Finalmente, la DIAN precis\u00f3 que los microempresarios catalogados como contribuyentes deber\u00e1n sujetarse a las disposiciones fiscales vigentes para la determinaci\u00f3n del impuesto sobre la renta y complementarios, lo que implica la aplicaci\u00f3n de la base contable de acumulaci\u00f3n o devengo. En caso de diferencias entre los marcos t\u00e9cnicos normativos contables y las disposiciones del ET, el art\u00edculo 772 del mismo Estatuto exige que los contribuyentes implementen un sistema de control o conciliaciones fiscales.<\/p>\n\n\n\n<p>Para m\u00e1s informaci\u00f3n, consulte el documento adjunto.<\/p>\n\n\n\n<p>Ver: <a href=\"https:\/\/incp.org.co\/agendatributariaincp\/wp-content\/uploads\/2025\/04\/Concepto-No.-38-de-2025-\u2013-DIAN.pdf\">Concepto No. 38 de 2025 \u2013 DIAN<\/a><\/p>\n\n\n\n<p><strong>Redacci\u00f3n INCP<\/strong><\/p>\n","protected":false},"excerpt":{"rendered":"<p>&nbsp;&nbsp;&nbsp;\u00danete a nuestro nuestro canal de whatsapp La Direcci\u00f3n de Impuestos y Aduanas Nacionales (DIAN) public\u00f3 el Concepto No. 38 de 2025, en el cual resolvi\u00f3 una consulta sobre la existencia de normativa fiscal que reglamente la aplicaci\u00f3n de sistemas de contabilidad basados en el m\u00e9todo de caja o en m\u00e9todos mixtos, por parte de&hellip; <br \/> <a class=\"read-more\" href=\"https:\/\/incp.org.co\/agendatributariaincp\/noticias\/2025\/03\/microempresas-deben-declarar-renta-con-base-en-el-devengo\/\">Read more<\/a><\/p>\n","protected":false},"author":27935,"featured_media":3197,"comment_status":"open","ping_status":"open","sticky":false,"template":"","format":"standard","meta":{"footnotes":""},"categories":[13],"tags":[],"class_list":["post-3187","post","type-post","status-publish","format-standard","has-post-thumbnail","hentry","category-noticias"],"_links":{"self":[{"href":"https:\/\/incp.org.co\/agendatributariaincp\/wp-json\/wp\/v2\/posts\/3187","targetHints":{"allow":["GET"]}}],"collection":[{"href":"https:\/\/incp.org.co\/agendatributariaincp\/wp-json\/wp\/v2\/posts"}],"about":[{"href":"https:\/\/incp.org.co\/agendatributariaincp\/wp-json\/wp\/v2\/types\/post"}],"author":[{"embeddable":true,"href":"https:\/\/incp.org.co\/agendatributariaincp\/wp-json\/wp\/v2\/users\/27935"}],"replies":[{"embeddable":true,"href":"https:\/\/incp.org.co\/agendatributariaincp\/wp-json\/wp\/v2\/comments?post=3187"}],"version-history":[{"count":1,"href":"https:\/\/incp.org.co\/agendatributariaincp\/wp-json\/wp\/v2\/posts\/3187\/revisions"}],"predecessor-version":[{"id":3199,"href":"https:\/\/incp.org.co\/agendatributariaincp\/wp-json\/wp\/v2\/posts\/3187\/revisions\/3199"}],"wp:featuredmedia":[{"embeddable":true,"href":"https:\/\/incp.org.co\/agendatributariaincp\/wp-json\/wp\/v2\/media\/3197"}],"wp:attachment":[{"href":"https:\/\/incp.org.co\/agendatributariaincp\/wp-json\/wp\/v2\/media?parent=3187"}],"wp:term":[{"taxonomy":"category","embeddable":true,"href":"https:\/\/incp.org.co\/agendatributariaincp\/wp-json\/wp\/v2\/categories?post=3187"},{"taxonomy":"post_tag","embeddable":true,"href":"https:\/\/incp.org.co\/agendatributariaincp\/wp-json\/wp\/v2\/tags?post=3187"}],"curies":[{"name":"wp","href":"https:\/\/api.w.org\/{rel}","templated":true}]}}