{"id":3188,"date":"2025-04-02T11:43:00","date_gmt":"2025-04-02T16:43:00","guid":{"rendered":"https:\/\/incp.org.co\/agendatributariaincp\/?p=3188"},"modified":"2026-02-18T15:33:42","modified_gmt":"2026-02-18T20:33:42","slug":"nuevas-herramientas-y-mayor-flexibilidad-para-la-facturacion-electronica","status":"publish","type":"post","link":"https:\/\/incp.org.co\/agendatributariaincp\/noticias\/2025\/04\/nuevas-herramientas-y-mayor-flexibilidad-para-la-facturacion-electronica\/","title":{"rendered":"Nuevas herramientas y mayor flexibilidad para la facturaci\u00f3n electr\u00f3nica"},"content":{"rendered":"\n<link href=\"https:\/\/cdnjs.cloudflare.com\/ajax\/libs\/font-awesome\/6.0.0-beta3\/css\/all.min.css\" rel=\"stylesheet\">\n<style> \n.container{\n  height: 200px;\n  position: relative;\n  border: 0px solid green;\n}\n\n.center{\n  margin: 0;\n  position: absolute;\n  top: 50%;\n  left: 50%;\n  -ms-transform: translate(-50%, -50%);\n  transform: translate(-50%, -50%);\n}\n.button {\n  background-color: #04AA6D;\n  border: none;\n  color: #04AA6D;;\n  padding: 16px 32px;\n  text-align: center;\n  text-decoration: none;\n  display: inline-block;\n  font-size: 16px;\n  margin: 4px 2px;\n  transition-duration: 0.4s;\n  cursor: pointer;\nborder-radius: 25px;\n}\n.button1 {\n  background-color: #04AA6D;\n  color: black; \n  border: 2px solid #04AA6D;\n}\n.button1:hover {\n  background-color: #04AA6D;;\n  color: white;\n}\n<\/style>\n<div class=\"container\">\n  <div class=\"center\">\n<a href=\"https:\/\/whatsapp.com\/channel\/0029Va8neTFCcW4h5pCJrM00\" target=\"_blank\" class=\"button button1\" rel=\"noopener\"> <i class=\"fa-brands fa-whatsapp\"><\/i>&nbsp;&nbsp;&nbsp;\u00danete a nuestro nuestro canal de whatsapp<\/a>\n <\/div>\n<\/div>\n\n\n\n\n<p style=\"text-align:justify\">La Direcci\u00f3n de Impuestos y Aduanas Nacionales (DIAN) expidi\u00f3 la Resoluci\u00f3n 202 del 31 de marzo de 2025 por medio de la cual realiz\u00f3 los siguientes ajustes a la Resoluci\u00f3n 165 de 2023 en relaci\u00f3n con el sistema de facturaci\u00f3n vigente en Colombia:<\/p>\n\n\n\n<ul class=\"wp-block-list\">\n<li><p style=\"text-align:justify\">Cuando el adquiriente solicite la expedici\u00f3n de la factura electr\u00f3nica de venta y el documento equivalente electr\u00f3nico tiquete de m\u00e1quina registradora con sistema P.O.S, el sujeto obligado a facturar solo debe exigirle la siguiente informaci\u00f3n:<\/p><\/li>\n\n\n\n<li>Nombre y apellidos o raz\u00f3n social del comprador o adquiriente.<\/li>\n\n\n\n<li>Tipo y n\u00famero de identificaci\u00f3n.<\/li>\n\n\n\n<li>Correo electr\u00f3nico.<\/li>\n<\/ul>\n\n\n\n<p style=\"text-align:justify\">Si el adquiriente no hace la solicitud a su nombre, no se exigir\u00e1n estos datos y el documento se expedir\u00e1 al \u201cconsumidor final\u201d.<\/p>\n\n\n\n<ul class=\"wp-block-list\">\n<li><p style=\"text-align:justify\">La DIAN pondr\u00e1 a disposici\u00f3n de los sujetos obligados a facturar un servicio electr\u00f3nico de consulta de auto llenado para suministrarles los datos b\u00e1sicos de los adquirientes con solo introducir su n\u00famero de identificaci\u00f3n. Con esto se busca facilitar la expedici\u00f3n de los documentos. Es de aclarar que este servicio solo podr\u00e1 ser utilizado al momento de generar la factura de venta o el documento equivalente electr\u00f3nico.<\/p><\/li>\n<\/ul>\n\n\n\n<ul class=\"wp-block-list\">\n<li><p style=\"text-align:justify\">Quienes expidan el documento equivalente electr\u00f3nico de servicios p\u00fablicos domiciliarios, no pueden incluir en dicho documento conceptos diferentes a los relacionados con la prestaci\u00f3n efectiva del servicio p\u00fablico, excepto si cuentan con la autorizaci\u00f3n expresa del usuario.<\/p><\/li>\n<\/ul>\n\n\n\n<p style=\"text-align:justify\">Debido a las barreras tecnol\u00f3gicas y log\u00edsticas que enfrentan los prestadores de servicios domiciliarios, especialmente en zonas rurales o de dif\u00edcil acceso, se estableci\u00f3 que estas empresas contar\u00e1n con 48 horas para la transmisi\u00f3n del documento equivalente electr\u00f3nico a la DIAN. Las disposiciones de la Resoluci\u00f3n 202 del 31 de marzo de 2025 entraron en vigor el 31 de marzo de 2025.<\/p>\n\n\n\n<p>Para m\u00e1s informaci\u00f3n, consulta el documento disponible a continuaci\u00f3n.<\/p>\n\n\n\n<p>Ver: <a href=\"https:\/\/incp.org.co\/agendatributariaincp\/wp-content\/uploads\/2025\/04\/Resolucion-202-del-31-de-marzo-de-2025-DIAN.pdf\">Resoluci\u00f3n 202 del 31 de marzo de 2025 &#8211; DIAN<\/a><\/p>\n\n\n\n<p><strong>Redacci\u00f3n INCP<\/strong><\/p>\n\n\n\n<hr class=\"wp-block-separator has-alpha-channel-opacity\"\/>\n","protected":false},"excerpt":{"rendered":"<p>&nbsp;&nbsp;&nbsp;\u00danete a nuestro nuestro canal de whatsapp La Direcci\u00f3n de Impuestos y Aduanas Nacionales (DIAN) expidi\u00f3 la Resoluci\u00f3n 202 del 31 de marzo de 2025 por medio de la cual realiz\u00f3 los siguientes ajustes a la Resoluci\u00f3n 165 de 2023 en relaci\u00f3n con el sistema de facturaci\u00f3n vigente en Colombia: Si el adquiriente no hace&hellip; <br \/> <a class=\"read-more\" href=\"https:\/\/incp.org.co\/agendatributariaincp\/noticias\/2025\/04\/nuevas-herramientas-y-mayor-flexibilidad-para-la-facturacion-electronica\/\">Read more<\/a><\/p>\n","protected":false},"author":27935,"featured_media":3201,"comment_status":"open","ping_status":"open","sticky":false,"template":"","format":"standard","meta":{"footnotes":""},"categories":[13],"tags":[],"class_list":["post-3188","post","type-post","status-publish","format-standard","has-post-thumbnail","hentry","category-noticias"],"_links":{"self":[{"href":"https:\/\/incp.org.co\/agendatributariaincp\/wp-json\/wp\/v2\/posts\/3188","targetHints":{"allow":["GET"]}}],"collection":[{"href":"https:\/\/incp.org.co\/agendatributariaincp\/wp-json\/wp\/v2\/posts"}],"about":[{"href":"https:\/\/incp.org.co\/agendatributariaincp\/wp-json\/wp\/v2\/types\/post"}],"author":[{"embeddable":true,"href":"https:\/\/incp.org.co\/agendatributariaincp\/wp-json\/wp\/v2\/users\/27935"}],"replies":[{"embeddable":true,"href":"https:\/\/incp.org.co\/agendatributariaincp\/wp-json\/wp\/v2\/comments?post=3188"}],"version-history":[{"count":1,"href":"https:\/\/incp.org.co\/agendatributariaincp\/wp-json\/wp\/v2\/posts\/3188\/revisions"}],"predecessor-version":[{"id":3202,"href":"https:\/\/incp.org.co\/agendatributariaincp\/wp-json\/wp\/v2\/posts\/3188\/revisions\/3202"}],"wp:featuredmedia":[{"embeddable":true,"href":"https:\/\/incp.org.co\/agendatributariaincp\/wp-json\/wp\/v2\/media\/3201"}],"wp:attachment":[{"href":"https:\/\/incp.org.co\/agendatributariaincp\/wp-json\/wp\/v2\/media?parent=3188"}],"wp:term":[{"taxonomy":"category","embeddable":true,"href":"https:\/\/incp.org.co\/agendatributariaincp\/wp-json\/wp\/v2\/categories?post=3188"},{"taxonomy":"post_tag","embeddable":true,"href":"https:\/\/incp.org.co\/agendatributariaincp\/wp-json\/wp\/v2\/tags?post=3188"}],"curies":[{"name":"wp","href":"https:\/\/api.w.org\/{rel}","templated":true}]}}