{"id":3190,"date":"2025-04-03T11:43:00","date_gmt":"2025-04-03T16:43:00","guid":{"rendered":"https:\/\/incp.org.co\/agendatributariaincp\/?p=3190"},"modified":"2026-02-16T11:07:39","modified_gmt":"2026-02-16T16:07:39","slug":"la-dian-implementa-nuevo-servicio-para-la-generacion-de-facturas-electronicas","status":"publish","type":"post","link":"https:\/\/incp.org.co\/agendatributariaincp\/noticias\/2025\/04\/la-dian-implementa-nuevo-servicio-para-la-generacion-de-facturas-electronicas\/","title":{"rendered":"La DIAN implementa nuevo servicio para la generaci\u00f3n de facturas electr\u00f3nicas"},"content":{"rendered":"\n<link href=\"https:\/\/cdnjs.cloudflare.com\/ajax\/libs\/font-awesome\/6.0.0-beta3\/css\/all.min.css\" rel=\"stylesheet\">\n<style> \n.container{\n  height: 200px;\n  position: relative;\n  border: 0px solid green;\n}\n\n.center{\n  margin: 0;\n  position: absolute;\n  top: 50%;\n  left: 50%;\n  -ms-transform: translate(-50%, -50%);\n  transform: translate(-50%, -50%);\n}\n.button {\n  background-color: #04AA6D;\n  border: none;\n  color: #04AA6D;;\n  padding: 16px 32px;\n  text-align: center;\n  text-decoration: none;\n  display: inline-block;\n  font-size: 16px;\n  margin: 4px 2px;\n  transition-duration: 0.4s;\n  cursor: pointer;\nborder-radius: 25px;\n}\n.button1 {\n  background-color: #04AA6D;\n  color: black; \n  border: 2px solid #04AA6D;\n}\n.button1:hover {\n  background-color: #04AA6D;;\n  color: white;\n}\n<\/style>\n<div class=\"container\">\n  <div class=\"center\">\n<a href=\"https:\/\/whatsapp.com\/channel\/0029Va8neTFCcW4h5pCJrM00\" target=\"_blank\" class=\"button button1\" rel=\"noopener\"> <i class=\"fa-brands fa-whatsapp\"><\/i>&nbsp;&nbsp;&nbsp;\u00danete a nuestro nuestro canal de whatsapp<\/a>\n <\/div>\n<\/div>\n\n\n\n\n<p style=\"text-align:justify\">En l\u00ednea con lo establecido en la <a href=\"https:\/\/incp.org.co\/sin-categoria\/2025\/04\/nuevas-herramientas-y-mayor-flexibilidad-para-la-facturacion-electronica\/\">Resoluci\u00f3n 202 del 31 de marzo de 2025<\/a>, la Direcci\u00f3n de Impuestos y Aduanas Nacionales (DIAN) inform\u00f3 que a partir de la segunda semana de abril se encontrar\u00e1 disponible en su sitio web un nuevo servicio para generar facturas electr\u00f3nicas solo con el n\u00famero de identificaci\u00f3n tributaria &#8211; NIT o c\u00e9dula del adquiriente.<\/p>\n\n\n\n<p style=\"text-align:justify\">Esto beneficiar\u00e1 a todos los facturadores, incluyendo a aquellos que utilizan el servicio de facturaci\u00f3n gratuita de la DIAN, as\u00ed como a quienes cuentan con <em>software<\/em> propio o emplean proveedores tecnol\u00f3gicos. Estos \u00faltimos deber\u00e1n actualizar sus sistemas e integrar el nuevo servicio automatizado. La herramienta completar\u00e1 de forma autom\u00e1tica la informaci\u00f3n del comprador (nombre o raz\u00f3n social y correo electr\u00f3nico), permitiendo generarla factura sin necesidad de solicitar datos adicionales tales como direcci\u00f3n, tel\u00e9fono o Registro \u00danico Tributario (RUT).<\/p>\n\n\n\n<p style=\"text-align:justify\">En caso de que el comprador no est\u00e9 registrado en la base de datos del servicio, el facturador solo podr\u00e1 pedirle los siguientes tres datos:<\/p>\n\n\n\n<ol class=\"wp-block-list\">\n<li>Nombre completo o raz\u00f3n social.<\/li>\n\n\n\n<li>Tipo y n\u00famero de identificaci\u00f3n.<\/li>\n\n\n\n<li>Correo electr\u00f3nico.<\/li>\n<\/ol>\n\n\n\n<p style=\"text-align:justify\">Si el comprador decide no proporcionar su correo electr\u00f3nico, el facturador deber\u00e1 entregar una representaci\u00f3n gr\u00e1fica impresa de la factura, conforme a lo estipulado en el art\u00edculo 35 de la Resoluci\u00f3n 165 de 2023.<\/p>\n\n\n\n<p>Para m\u00e1s informaci\u00f3n, consulte el comunicado de la DIAN disponible a continuaci\u00f3n.<\/p>\n\n\n\n<p>Ver: <a href=\"https:\/\/incp.org.co\/agendatributariaincp\/wp-content\/uploads\/2025\/04\/Comunicado-No-26-DIAN.pdf\">Comunicado No. 26 DIAN<\/a><\/p>\n\n\n\n<p><strong>Redacci\u00f3n INCP<\/strong><\/p>\n\n\n\n<hr class=\"wp-block-separator has-alpha-channel-opacity\"\/>\n","protected":false},"excerpt":{"rendered":"<p>&nbsp;&nbsp;&nbsp;\u00danete a nuestro nuestro canal de whatsapp En l\u00ednea con lo establecido en la Resoluci\u00f3n 202 del 31 de marzo de 2025, la Direcci\u00f3n de Impuestos y Aduanas Nacionales (DIAN) inform\u00f3 que a partir de la segunda semana de abril se encontrar\u00e1 disponible en su sitio web un nuevo servicio para generar facturas electr\u00f3nicas solo&hellip; <br \/> <a class=\"read-more\" href=\"https:\/\/incp.org.co\/agendatributariaincp\/noticias\/2025\/04\/la-dian-implementa-nuevo-servicio-para-la-generacion-de-facturas-electronicas\/\">Read more<\/a><\/p>\n","protected":false},"author":27935,"featured_media":3206,"comment_status":"open","ping_status":"open","sticky":false,"template":"","format":"standard","meta":{"footnotes":""},"categories":[13],"tags":[],"class_list":["post-3190","post","type-post","status-publish","format-standard","has-post-thumbnail","hentry","category-noticias"],"_links":{"self":[{"href":"https:\/\/incp.org.co\/agendatributariaincp\/wp-json\/wp\/v2\/posts\/3190","targetHints":{"allow":["GET"]}}],"collection":[{"href":"https:\/\/incp.org.co\/agendatributariaincp\/wp-json\/wp\/v2\/posts"}],"about":[{"href":"https:\/\/incp.org.co\/agendatributariaincp\/wp-json\/wp\/v2\/types\/post"}],"author":[{"embeddable":true,"href":"https:\/\/incp.org.co\/agendatributariaincp\/wp-json\/wp\/v2\/users\/27935"}],"replies":[{"embeddable":true,"href":"https:\/\/incp.org.co\/agendatributariaincp\/wp-json\/wp\/v2\/comments?post=3190"}],"version-history":[{"count":1,"href":"https:\/\/incp.org.co\/agendatributariaincp\/wp-json\/wp\/v2\/posts\/3190\/revisions"}],"predecessor-version":[{"id":3208,"href":"https:\/\/incp.org.co\/agendatributariaincp\/wp-json\/wp\/v2\/posts\/3190\/revisions\/3208"}],"wp:featuredmedia":[{"embeddable":true,"href":"https:\/\/incp.org.co\/agendatributariaincp\/wp-json\/wp\/v2\/media\/3206"}],"wp:attachment":[{"href":"https:\/\/incp.org.co\/agendatributariaincp\/wp-json\/wp\/v2\/media?parent=3190"}],"wp:term":[{"taxonomy":"category","embeddable":true,"href":"https:\/\/incp.org.co\/agendatributariaincp\/wp-json\/wp\/v2\/categories?post=3190"},{"taxonomy":"post_tag","embeddable":true,"href":"https:\/\/incp.org.co\/agendatributariaincp\/wp-json\/wp\/v2\/tags?post=3190"}],"curies":[{"name":"wp","href":"https:\/\/api.w.org\/{rel}","templated":true}]}}