{"id":3211,"date":"2025-04-07T12:09:00","date_gmt":"2025-04-07T17:09:00","guid":{"rendered":"https:\/\/incp.org.co\/agendatributariaincp\/?p=3211"},"modified":"2026-02-16T11:07:27","modified_gmt":"2026-02-16T16:07:27","slug":"alerta-por-baja-ejecucion-presupuestal-y-deterioro-del-recaudo-tributario","status":"publish","type":"post","link":"https:\/\/incp.org.co\/agendatributariaincp\/noticias\/2025\/04\/alerta-por-baja-ejecucion-presupuestal-y-deterioro-del-recaudo-tributario\/","title":{"rendered":"Alerta por baja ejecuci\u00f3n presupuestal y deterioro del recaudo tributario"},"content":{"rendered":"\n<link href=\"https:\/\/cdnjs.cloudflare.com\/ajax\/libs\/font-awesome\/6.0.0-beta3\/css\/all.min.css\" rel=\"stylesheet\">\n<style> \n.container{\n  height: 200px;\n  position: relative;\n  border: 0px solid green;\n}\n\n.center{\n  margin: 0;\n  position: absolute;\n  top: 50%;\n  left: 50%;\n  -ms-transform: translate(-50%, -50%);\n  transform: translate(-50%, -50%);\n}\n.button {\n  background-color: #04AA6D;\n  border: none;\n  color: #04AA6D;;\n  padding: 16px 32px;\n  text-align: center;\n  text-decoration: none;\n  display: inline-block;\n  font-size: 16px;\n  margin: 4px 2px;\n  transition-duration: 0.4s;\n  cursor: pointer;\nborder-radius: 25px;\n}\n.button1 {\n  background-color: #04AA6D;\n  color: black; \n  border: 2px solid #04AA6D;\n}\n.button1:hover {\n  background-color: #04AA6D;;\n  color: white;\n}\n<\/style>\n<div class=\"container\">\n  <div class=\"center\">\n<a href=\"https:\/\/whatsapp.com\/channel\/0029Va8neTFCcW4h5pCJrM00\" target=\"_blank\" class=\"button button1\" rel=\"noopener\"> <i class=\"fa-brands fa-whatsapp\"><\/i>&nbsp;&nbsp;&nbsp;\u00danete a nuestro nuestro canal de whatsapp<\/a>\n <\/div>\n<\/div>\n\n\n\n\n<p style=\"text-align:justify\">La Contralor\u00eda General de la Rep\u00fablica, a trav\u00e9s del contralor Carlos Hern\u00e1n Rodr\u00edguez Becerra, advirti\u00f3 sobre los riesgos que enfrenta la sostenibilidad fiscal de Colombia.<\/p>\n\n\n\n<p style=\"text-align:justify\">En el marco de una intervenci\u00f3n ante la Comisi\u00f3n Legal de Cuentas del Congreso de la Rep\u00fablica, el jefe del \u00f3rgano de control se refiri\u00f3 a la necesidad de cumplir con la regla fiscal sin recurrir en recortes del gasto que afecten la inversi\u00f3n p\u00fablica pues se podr\u00eda frenar el crecimiento econ\u00f3mico y aumentar la deuda del pa\u00eds. A juicio de la Contralor\u00eda, el reto de la pol\u00edtica fiscal consiste en lograr un mayor crecimiento econ\u00f3mico que supere el costo del endeudamiento, fortalezca el recaudo tributario y garantice el cumplimiento de los compromisos del Gobierno.<\/p>\n\n\n\n<p style=\"text-align:justify\">En l\u00ednea con lo anterior, se present\u00f3 un an\u00e1lisis de las condiciones fiscales actuales. Entre los principales hallazgos se destac\u00f3 el bajo nivel de ejecuci\u00f3n de la inversi\u00f3n p\u00fablica (57 % al cierre de 2024, el m\u00e1s bajo registrado hist\u00f3ricamente).<\/p>\n\n\n\n<p style=\"text-align:justify\">El recaudo tributario tambi\u00e9n mostr\u00f3 un desempe\u00f1o inferior al esperado: frente a una meta ajustada de $ 287,4 billones, se recaud\u00f3 $ 245,3 billones (85,4 %) lo cual representa una disminuci\u00f3n de 11 puntos porcentuales frente a 2023. Esta situaci\u00f3n motiv\u00f3 un mayor endeudamiento por parte del Gobierno Nacional Central, cuya deuda pas\u00f3 del 52,5 % al 57% del PIB entre 2023 y 2024.<\/p>\n\n\n\n<p style=\"text-align:justify\">Otro aspecto cr\u00edtico se\u00f1alado fue el crecimiento de las reservas presupuestales, las cuales alcanzaron $ 61,7 billones en 2024 (39,6 % corresponde a inversi\u00f3n), superando ampliamente el l\u00edmite del 15 % establecido por la Ley 225 de 1995. La Contralor\u00eda advirti\u00f3 que esta acumulaci\u00f3n compromete la disponibilidad de recursos para las vigencias futuras.<\/p>\n\n\n\n<p style=\"text-align:justify\">En s\u00edntesis, la Contralor\u00eda recomend\u00f3 adoptar medidas para mejorar la eficiencia en la ejecuci\u00f3n del gasto, restringir el uso de reservas como mecanismo ordinario de ejecuci\u00f3n y fortalecer el recaudo tributario, con el fin de preservar la estabilidad financiera del pa\u00eds.<\/p>\n\n\n\n<p>Para m\u00e1s informaci\u00f3n consulte el documento disponible a continuaci\u00f3n.<\/p>\n\n\n\n<p>Ver: <a href=\"https:\/\/incp.org.co\/agendatributariaincp\/wp-content\/uploads\/2025\/04\/Comunicado-de-prensa-Contraloria.pdf\">Comunicado de prensa &#8211; Contralor\u00eda<\/a><\/p>\n\n\n\n<p><strong>Redacci\u00f3n INCP<\/strong><\/p>\n","protected":false},"excerpt":{"rendered":"<p>&nbsp;&nbsp;&nbsp;\u00danete a nuestro nuestro canal de whatsapp La Contralor\u00eda General de la Rep\u00fablica, a trav\u00e9s del contralor Carlos Hern\u00e1n Rodr\u00edguez Becerra, advirti\u00f3 sobre los riesgos que enfrenta la sostenibilidad fiscal de Colombia. En el marco de una intervenci\u00f3n ante la Comisi\u00f3n Legal de Cuentas del Congreso de la Rep\u00fablica, el jefe del \u00f3rgano de control&hellip; <br \/> <a class=\"read-more\" href=\"https:\/\/incp.org.co\/agendatributariaincp\/noticias\/2025\/04\/alerta-por-baja-ejecucion-presupuestal-y-deterioro-del-recaudo-tributario\/\">Read more<\/a><\/p>\n","protected":false},"author":27935,"featured_media":3220,"comment_status":"open","ping_status":"open","sticky":false,"template":"","format":"standard","meta":{"footnotes":""},"categories":[13],"tags":[],"class_list":["post-3211","post","type-post","status-publish","format-standard","has-post-thumbnail","hentry","category-noticias"],"_links":{"self":[{"href":"https:\/\/incp.org.co\/agendatributariaincp\/wp-json\/wp\/v2\/posts\/3211","targetHints":{"allow":["GET"]}}],"collection":[{"href":"https:\/\/incp.org.co\/agendatributariaincp\/wp-json\/wp\/v2\/posts"}],"about":[{"href":"https:\/\/incp.org.co\/agendatributariaincp\/wp-json\/wp\/v2\/types\/post"}],"author":[{"embeddable":true,"href":"https:\/\/incp.org.co\/agendatributariaincp\/wp-json\/wp\/v2\/users\/27935"}],"replies":[{"embeddable":true,"href":"https:\/\/incp.org.co\/agendatributariaincp\/wp-json\/wp\/v2\/comments?post=3211"}],"version-history":[{"count":1,"href":"https:\/\/incp.org.co\/agendatributariaincp\/wp-json\/wp\/v2\/posts\/3211\/revisions"}],"predecessor-version":[{"id":3221,"href":"https:\/\/incp.org.co\/agendatributariaincp\/wp-json\/wp\/v2\/posts\/3211\/revisions\/3221"}],"wp:featuredmedia":[{"embeddable":true,"href":"https:\/\/incp.org.co\/agendatributariaincp\/wp-json\/wp\/v2\/media\/3220"}],"wp:attachment":[{"href":"https:\/\/incp.org.co\/agendatributariaincp\/wp-json\/wp\/v2\/media?parent=3211"}],"wp:term":[{"taxonomy":"category","embeddable":true,"href":"https:\/\/incp.org.co\/agendatributariaincp\/wp-json\/wp\/v2\/categories?post=3211"},{"taxonomy":"post_tag","embeddable":true,"href":"https:\/\/incp.org.co\/agendatributariaincp\/wp-json\/wp\/v2\/tags?post=3211"}],"curies":[{"name":"wp","href":"https:\/\/api.w.org\/{rel}","templated":true}]}}