{"id":3227,"date":"2025-04-11T12:26:00","date_gmt":"2025-04-11T17:26:00","guid":{"rendered":"https:\/\/incp.org.co\/agendatributariaincp\/?p=3227"},"modified":"2026-02-16T11:07:02","modified_gmt":"2026-02-16T16:07:02","slug":"plazo-para-corregir-las-declaraciones-de-iva-con-errores","status":"publish","type":"post","link":"https:\/\/incp.org.co\/agendatributariaincp\/noticias\/2025\/04\/plazo-para-corregir-las-declaraciones-de-iva-con-errores\/","title":{"rendered":"Plazo para corregir las declaraciones de IVA con errores"},"content":{"rendered":"\n<link href=\"https:\/\/cdnjs.cloudflare.com\/ajax\/libs\/font-awesome\/6.0.0-beta3\/css\/all.min.css\" rel=\"stylesheet\">\n<style> \n.container{\n  height: 200px;\n  position: relative;\n  border: 0px solid green;\n}\n\n.center{\n  margin: 0;\n  position: absolute;\n  top: 50%;\n  left: 50%;\n  -ms-transform: translate(-50%, -50%);\n  transform: translate(-50%, -50%);\n}\n.button {\n  background-color: #04AA6D;\n  border: none;\n  color: #04AA6D;;\n  padding: 16px 32px;\n  text-align: center;\n  text-decoration: none;\n  display: inline-block;\n  font-size: 16px;\n  margin: 4px 2px;\n  transition-duration: 0.4s;\n  cursor: pointer;\nborder-radius: 25px;\n}\n.button1 {\n  background-color: #04AA6D;\n  color: black; \n  border: 2px solid #04AA6D;\n}\n.button1:hover {\n  background-color: #04AA6D;;\n  color: white;\n}\n<\/style>\n<div class=\"container\">\n  <div class=\"center\">\n<a href=\"https:\/\/whatsapp.com\/channel\/0029Va8neTFCcW4h5pCJrM00\" target=\"_blank\" class=\"button button1\" rel=\"noopener\"> <i class=\"fa-brands fa-whatsapp\"><\/i>&nbsp;&nbsp;&nbsp;\u00danete a nuestro nuestro canal de whatsapp<\/a>\n <\/div>\n<\/div>\n\n\n\n\n<p style=\"text-align:justify\">A trav\u00e9s del Concepto 190 del 13 de febrero de 2025, la Direcci\u00f3n de Impuestos y Aduanas Nacionales (DIAN) reiter\u00f3 que el plazo para corregir una declaraci\u00f3n del impuesto sobre las ventas (IVA) es de un 1 a\u00f1o, contado a partir del vencimiento del plazo para declarar, y se encuentra condicionado por lo establecido en el art\u00edculo 589 del Estatuto Tributario. Una vez superado este t\u00e9rmino, el contribuyente pierde la facultad para corregir, incluso si la declaraci\u00f3n a\u00fan no ha adquirido firmeza.<\/p>\n\n\n\n<p>Algunas de las correcciones que se pueden hacer en el tiempo mencionado son:<\/p>\n\n\n\n<ul class=\"wp-block-list\">\n<li>La disminuci\u00f3n del valor a pagar<\/li>\n\n\n\n<li>El aumento del saldo a favor<\/li>\n\n\n\n<li>El cambio en la indicaci\u00f3n del periodo gravable<\/li>\n<\/ul>\n\n\n\n<p style=\"text-align:justify\">La administraci\u00f3n tributaria record\u00f3 que el Consejo de Estado, mediante la Sentencia 20186 de 2016, ha se\u00f1alado que, una vez vencido el t\u00e9rmino de correcci\u00f3n, el contribuyente ya no puede modificar voluntariamente su declaraci\u00f3n, aun si esta no ha quedado en firme.<\/p>\n\n\n\n<p>Para m\u00e1s informaci\u00f3n, consulte el documento disponible a continuaci\u00f3n.<\/p>\n\n\n\n<p>Ver: <a href=\"https:\/\/incp.org.co\/agendatributariaincp\/wp-content\/uploads\/2025\/04\/Concepto-192-de-2025-DIAN.pdf\">Concepto 192 del 13 de febrero de 2025<\/a><\/p>\n\n\n\n<p><strong>Redacci\u00f3n INCP<\/strong><\/p>\n\n\n\n<hr class=\"wp-block-separator has-alpha-channel-opacity\"\/>\n","protected":false},"excerpt":{"rendered":"<p>&nbsp;&nbsp;&nbsp;\u00danete a nuestro nuestro canal de whatsapp A trav\u00e9s del Concepto 190 del 13 de febrero de 2025, la Direcci\u00f3n de Impuestos y Aduanas Nacionales (DIAN) reiter\u00f3 que el plazo para corregir una declaraci\u00f3n del impuesto sobre las ventas (IVA) es de un 1 a\u00f1o, contado a partir del vencimiento del plazo para declarar, y&hellip; <br \/> <a class=\"read-more\" href=\"https:\/\/incp.org.co\/agendatributariaincp\/noticias\/2025\/04\/plazo-para-corregir-las-declaraciones-de-iva-con-errores\/\">Read more<\/a><\/p>\n","protected":false},"author":27935,"featured_media":3241,"comment_status":"open","ping_status":"open","sticky":false,"template":"","format":"standard","meta":{"footnotes":""},"categories":[13],"tags":[],"class_list":["post-3227","post","type-post","status-publish","format-standard","has-post-thumbnail","hentry","category-noticias"],"_links":{"self":[{"href":"https:\/\/incp.org.co\/agendatributariaincp\/wp-json\/wp\/v2\/posts\/3227","targetHints":{"allow":["GET"]}}],"collection":[{"href":"https:\/\/incp.org.co\/agendatributariaincp\/wp-json\/wp\/v2\/posts"}],"about":[{"href":"https:\/\/incp.org.co\/agendatributariaincp\/wp-json\/wp\/v2\/types\/post"}],"author":[{"embeddable":true,"href":"https:\/\/incp.org.co\/agendatributariaincp\/wp-json\/wp\/v2\/users\/27935"}],"replies":[{"embeddable":true,"href":"https:\/\/incp.org.co\/agendatributariaincp\/wp-json\/wp\/v2\/comments?post=3227"}],"version-history":[{"count":1,"href":"https:\/\/incp.org.co\/agendatributariaincp\/wp-json\/wp\/v2\/posts\/3227\/revisions"}],"predecessor-version":[{"id":3242,"href":"https:\/\/incp.org.co\/agendatributariaincp\/wp-json\/wp\/v2\/posts\/3227\/revisions\/3242"}],"wp:featuredmedia":[{"embeddable":true,"href":"https:\/\/incp.org.co\/agendatributariaincp\/wp-json\/wp\/v2\/media\/3241"}],"wp:attachment":[{"href":"https:\/\/incp.org.co\/agendatributariaincp\/wp-json\/wp\/v2\/media?parent=3227"}],"wp:term":[{"taxonomy":"category","embeddable":true,"href":"https:\/\/incp.org.co\/agendatributariaincp\/wp-json\/wp\/v2\/categories?post=3227"},{"taxonomy":"post_tag","embeddable":true,"href":"https:\/\/incp.org.co\/agendatributariaincp\/wp-json\/wp\/v2\/tags?post=3227"}],"curies":[{"name":"wp","href":"https:\/\/api.w.org\/{rel}","templated":true}]}}