{"id":3229,"date":"2025-04-14T12:26:00","date_gmt":"2025-04-14T17:26:00","guid":{"rendered":"https:\/\/incp.org.co\/agendatributariaincp\/?p=3229"},"modified":"2026-02-16T11:06:58","modified_gmt":"2026-02-16T16:06:58","slug":"dian-aclara-responsabilidad-tributaria-tras-la-liquidacion-voluntaria-de-sociedades","status":"publish","type":"post","link":"https:\/\/incp.org.co\/agendatributariaincp\/noticias\/2025\/04\/dian-aclara-responsabilidad-tributaria-tras-la-liquidacion-voluntaria-de-sociedades\/","title":{"rendered":"DIAN aclara responsabilidad tributaria tras la liquidaci\u00f3n voluntaria de sociedades"},"content":{"rendered":"\n<link href=\"https:\/\/cdnjs.cloudflare.com\/ajax\/libs\/font-awesome\/6.0.0-beta3\/css\/all.min.css\" rel=\"stylesheet\">\n<style> \n.container{\n  height: 200px;\n  position: relative;\n  border: 0px solid green;\n}\n\n.center{\n  margin: 0;\n  position: absolute;\n  top: 50%;\n  left: 50%;\n  -ms-transform: translate(-50%, -50%);\n  transform: translate(-50%, -50%);\n}\n.button {\n  background-color: #04AA6D;\n  border: none;\n  color: #04AA6D;;\n  padding: 16px 32px;\n  text-align: center;\n  text-decoration: none;\n  display: inline-block;\n  font-size: 16px;\n  margin: 4px 2px;\n  transition-duration: 0.4s;\n  cursor: pointer;\nborder-radius: 25px;\n}\n.button1 {\n  background-color: #04AA6D;\n  color: black; \n  border: 2px solid #04AA6D;\n}\n.button1:hover {\n  background-color: #04AA6D;;\n  color: white;\n}\n<\/style>\n<div class=\"container\">\n  <div class=\"center\">\n<a href=\"https:\/\/whatsapp.com\/channel\/0029Va8neTFCcW4h5pCJrM00\" target=\"_blank\" class=\"button button1\" rel=\"noopener\"> <i class=\"fa-brands fa-whatsapp\"><\/i>&nbsp;&nbsp;&nbsp;\u00danete a nuestro nuestro canal de whatsapp<\/a>\n <\/div>\n<\/div>\n\n\n\n\n<p style=\"text-align:justify\">Mediante el Concepto 0207 del 17 de febrero de 2025, la Direcci\u00f3n de Impuestos y Aduanas Nacionales (DIAN) explic\u00f3 que no puede continuar con actuaciones administrativas, proferir una liquidaci\u00f3n oficial de revisi\u00f3n o resoluci\u00f3n de sanci\u00f3n cuando, en el transcurso de estos procesos fiscales, una sociedad decidi\u00f3 liquidarse de forma voluntaria, ya que al hacer esto la empresa deja de existir legalmente y ya no puede ser objeto de procedimientos administrativos ni sanciones.<\/p>\n\n\n\n<p style=\"text-align:justify\">No obstante, la responsabilidad tributaria puede trasladarse solidariamente al administrador y al liquidador de la sociedad si incumplen, respectivamente, los deberes establecidos en el art\u00edculo 847 del Estatuto Tributario:<\/p>\n\n\n\n<ul class=\"wp-block-list\">\n<li><p style=\"text-align:justify\">Informar a la DIAN sobre la disoluci\u00f3n dentro de los 10 d\u00edas siguientes al inicio de la liquidaci\u00f3n para que esta pueda identificar y cobrar deudas vencidas<\/p><\/li>\n\n\n\n<li>Priorizar el pago de los impuestos sobre otras obligaciones en la liquidaci\u00f3n de la sociedad.<\/li>\n<\/ul>\n\n\n\n<p style=\"text-align:justify\">Adicionalmente, socios y accionistas de la sociedad podr\u00e1n ser considerados responsables en proporci\u00f3n a su participaci\u00f3n en la empresa, siempre que hayan sido vinculados al proceso de determinaci\u00f3n antes de la extinci\u00f3n esta.<\/p>\n\n\n\n<p style=\"text-align:justify\">La DIAN record\u00f3 que el proceso de determinaci\u00f3n tributaria para estos casos no es individualizado, sino un tr\u00e1mite \u00fanico en el que deben garantizarse los derechos de defensa de todos los obligados, incluyendo los responsables solidarios. As\u00ed, cuando est\u00e9 en firme el acto administrativo, se configurar\u00e1 un \u00fanico t\u00edtulo ejecutivo exigible frente a todos los vinculados, sin necesidad de nuevas actuaciones.<\/p>\n\n\n\n<p>Ver: <a href=\"https:\/\/incp.org.co\/agendatributariaincp\/wp-content\/uploads\/2025\/04\/Concepto-207-de-2025-DIAN.pdf\">Concepto 207 de 2025 &#8211; DIAN<\/a><\/p>\n\n\n\n<p><strong>Redacci\u00f3n INCP<\/strong><\/p>\n\n\n\n<hr class=\"wp-block-separator has-alpha-channel-opacity\"\/>\n","protected":false},"excerpt":{"rendered":"<p>&nbsp;&nbsp;&nbsp;\u00danete a nuestro nuestro canal de whatsapp Mediante el Concepto 0207 del 17 de febrero de 2025, la Direcci\u00f3n de Impuestos y Aduanas Nacionales (DIAN) explic\u00f3 que no puede continuar con actuaciones administrativas, proferir una liquidaci\u00f3n oficial de revisi\u00f3n o resoluci\u00f3n de sanci\u00f3n cuando, en el transcurso de estos procesos fiscales, una sociedad decidi\u00f3 liquidarse&hellip; <br \/> <a class=\"read-more\" href=\"https:\/\/incp.org.co\/agendatributariaincp\/noticias\/2025\/04\/dian-aclara-responsabilidad-tributaria-tras-la-liquidacion-voluntaria-de-sociedades\/\">Read more<\/a><\/p>\n","protected":false},"author":27935,"featured_media":3246,"comment_status":"open","ping_status":"open","sticky":false,"template":"","format":"standard","meta":{"footnotes":""},"categories":[13],"tags":[],"class_list":["post-3229","post","type-post","status-publish","format-standard","has-post-thumbnail","hentry","category-noticias"],"_links":{"self":[{"href":"https:\/\/incp.org.co\/agendatributariaincp\/wp-json\/wp\/v2\/posts\/3229","targetHints":{"allow":["GET"]}}],"collection":[{"href":"https:\/\/incp.org.co\/agendatributariaincp\/wp-json\/wp\/v2\/posts"}],"about":[{"href":"https:\/\/incp.org.co\/agendatributariaincp\/wp-json\/wp\/v2\/types\/post"}],"author":[{"embeddable":true,"href":"https:\/\/incp.org.co\/agendatributariaincp\/wp-json\/wp\/v2\/users\/27935"}],"replies":[{"embeddable":true,"href":"https:\/\/incp.org.co\/agendatributariaincp\/wp-json\/wp\/v2\/comments?post=3229"}],"version-history":[{"count":1,"href":"https:\/\/incp.org.co\/agendatributariaincp\/wp-json\/wp\/v2\/posts\/3229\/revisions"}],"predecessor-version":[{"id":3247,"href":"https:\/\/incp.org.co\/agendatributariaincp\/wp-json\/wp\/v2\/posts\/3229\/revisions\/3247"}],"wp:featuredmedia":[{"embeddable":true,"href":"https:\/\/incp.org.co\/agendatributariaincp\/wp-json\/wp\/v2\/media\/3246"}],"wp:attachment":[{"href":"https:\/\/incp.org.co\/agendatributariaincp\/wp-json\/wp\/v2\/media?parent=3229"}],"wp:term":[{"taxonomy":"category","embeddable":true,"href":"https:\/\/incp.org.co\/agendatributariaincp\/wp-json\/wp\/v2\/categories?post=3229"},{"taxonomy":"post_tag","embeddable":true,"href":"https:\/\/incp.org.co\/agendatributariaincp\/wp-json\/wp\/v2\/tags?post=3229"}],"curies":[{"name":"wp","href":"https:\/\/api.w.org\/{rel}","templated":true}]}}