{"id":3257,"date":"2025-04-21T07:56:00","date_gmt":"2025-04-21T12:56:00","guid":{"rendered":"https:\/\/incp.org.co\/agendatributariaincp\/?p=3257"},"modified":"2026-02-16T11:06:33","modified_gmt":"2026-02-16T16:06:33","slug":"deduccion-por-depreciacion-de-bienes-en-el-impuesto-sobre-la-renta","status":"publish","type":"post","link":"https:\/\/incp.org.co\/agendatributariaincp\/noticias\/2025\/04\/deduccion-por-depreciacion-de-bienes-en-el-impuesto-sobre-la-renta\/","title":{"rendered":"Deducci\u00f3n por depreciaci\u00f3n de bienes en el impuesto sobre la renta"},"content":{"rendered":"\n<link href=\"https:\/\/cdnjs.cloudflare.com\/ajax\/libs\/font-awesome\/6.0.0-beta3\/css\/all.min.css\" rel=\"stylesheet\">\n<style> \n.container{\n  height: 200px;\n  position: relative;\n  border: 0px solid green;\n}\n\n.center{\n  margin: 0;\n  position: absolute;\n  top: 50%;\n  left: 50%;\n  -ms-transform: translate(-50%, -50%);\n  transform: translate(-50%, -50%);\n}\n.button {\n  background-color: #04AA6D;\n  border: none;\n  color: #04AA6D;;\n  padding: 16px 32px;\n  text-align: center;\n  text-decoration: none;\n  display: inline-block;\n  font-size: 16px;\n  margin: 4px 2px;\n  transition-duration: 0.4s;\n  cursor: pointer;\nborder-radius: 25px;\n}\n.button1 {\n  background-color: #04AA6D;\n  color: black; \n  border: 2px solid #04AA6D;\n}\n.button1:hover {\n  background-color: #04AA6D;;\n  color: white;\n}\n<\/style>\n<div class=\"container\">\n  <div class=\"center\">\n<a href=\"https:\/\/whatsapp.com\/channel\/0029Va8neTFCcW4h5pCJrM00\" target=\"_blank\" class=\"button button1\" rel=\"noopener\"> <i class=\"fa-brands fa-whatsapp\"><\/i>&nbsp;&nbsp;&nbsp;\u00danete a nuestro canal de whatsapp<\/a>\n <\/div>\n<\/div>\n\n\n\n<p style=\"text-align:justify\">Mediante el Concepto 191 del 13 de febrero de 2025, la Direcci\u00f3n de Impuestos y Aduanas Nacionales (DIAN) precis\u00f3 que, para efectos del impuesto sobre la renta y complementarios, los contribuyentes pueden deducir anualmente la depreciaci\u00f3n de sus bienes de conformidad con la t\u00e9cnica contable, siempre que esta no exceda las tasas m\u00e1ximas fijadas por el Gobierno Nacional, de acuerdo con el par\u00e1grafo 1 del art\u00edculo 137 del Estatuto Tributario (E.T.).<\/p>\n\n\n\n<p style=\"text-align:justify\">Esto implica que la tasa fiscal m\u00e1xima opera como un l\u00edmite y no como una cifra que deba cumplir el contribuyente, quien puede reconocer un gasto menor, en funci\u00f3n de la vida \u00fatil estimada contablemente.<\/p>\n\n\n\n<p style=\"text-align:justify\">En consecuencia, siempre que la pol\u00edtica contable de la entidad sustente la vida \u00fatil del activo y su correspondiente tasa de depreciaci\u00f3n, ser\u00e1 procedente deducir fiscalmente un valor inferior al m\u00e1ximo legal.<\/p>\n\n\n\n<p style=\"text-align:justify\">Finalmente, la DIAN record\u00f3 que, en caso de que la depreciaci\u00f3n contable supere el l\u00edmite fiscal, solo ser\u00e1 deducible el valor hasta dicho l\u00edmite, y el excedente podr\u00e1 recuperarse conforme al par\u00e1grafo 4 del art\u00edculo 137 del E.T. Por tanto, se reitera que el tratamiento tributario de la depreciaci\u00f3n debe observar tanto los marcos t\u00e9cnicos contables como las restricciones normativas vigentes en materia fiscal.<\/p>\n\n\n\n<p>Para m\u00e1s detalles, consulte el documento disponible a continuaci\u00f3n.<\/p>\n\n\n\n<p>Ver: <a href=\"https:\/\/incp.org.co\/wp-content\/uploads\/2025\/04\/Concepto-191-de-2025-DIAN.pdf\">Concepto 191 de 2025 &#8211; DIAN<\/a><\/p>\n\n\n\n<p><strong>Redacci\u00f3n INCP<\/strong><\/p>\n\n\n\n<hr class=\"wp-block-separator has-alpha-channel-opacity\"\/>\n","protected":false},"excerpt":{"rendered":"<p>&nbsp;&nbsp;&nbsp;\u00danete a nuestro canal de whatsapp Mediante el Concepto 191 del 13 de febrero de 2025, la Direcci\u00f3n de Impuestos y Aduanas Nacionales (DIAN) precis\u00f3 que, para efectos del impuesto sobre la renta y complementarios, los contribuyentes pueden deducir anualmente la depreciaci\u00f3n de sus bienes de conformidad con la t\u00e9cnica contable, siempre que esta no&hellip; <br \/> <a class=\"read-more\" href=\"https:\/\/incp.org.co\/agendatributariaincp\/noticias\/2025\/04\/deduccion-por-depreciacion-de-bienes-en-el-impuesto-sobre-la-renta\/\">Read more<\/a><\/p>\n","protected":false},"author":27935,"featured_media":3258,"comment_status":"open","ping_status":"open","sticky":false,"template":"","format":"standard","meta":{"footnotes":""},"categories":[13],"tags":[],"class_list":["post-3257","post","type-post","status-publish","format-standard","has-post-thumbnail","hentry","category-noticias"],"_links":{"self":[{"href":"https:\/\/incp.org.co\/agendatributariaincp\/wp-json\/wp\/v2\/posts\/3257","targetHints":{"allow":["GET"]}}],"collection":[{"href":"https:\/\/incp.org.co\/agendatributariaincp\/wp-json\/wp\/v2\/posts"}],"about":[{"href":"https:\/\/incp.org.co\/agendatributariaincp\/wp-json\/wp\/v2\/types\/post"}],"author":[{"embeddable":true,"href":"https:\/\/incp.org.co\/agendatributariaincp\/wp-json\/wp\/v2\/users\/27935"}],"replies":[{"embeddable":true,"href":"https:\/\/incp.org.co\/agendatributariaincp\/wp-json\/wp\/v2\/comments?post=3257"}],"version-history":[{"count":1,"href":"https:\/\/incp.org.co\/agendatributariaincp\/wp-json\/wp\/v2\/posts\/3257\/revisions"}],"predecessor-version":[{"id":3259,"href":"https:\/\/incp.org.co\/agendatributariaincp\/wp-json\/wp\/v2\/posts\/3257\/revisions\/3259"}],"wp:featuredmedia":[{"embeddable":true,"href":"https:\/\/incp.org.co\/agendatributariaincp\/wp-json\/wp\/v2\/media\/3258"}],"wp:attachment":[{"href":"https:\/\/incp.org.co\/agendatributariaincp\/wp-json\/wp\/v2\/media?parent=3257"}],"wp:term":[{"taxonomy":"category","embeddable":true,"href":"https:\/\/incp.org.co\/agendatributariaincp\/wp-json\/wp\/v2\/categories?post=3257"},{"taxonomy":"post_tag","embeddable":true,"href":"https:\/\/incp.org.co\/agendatributariaincp\/wp-json\/wp\/v2\/tags?post=3257"}],"curies":[{"name":"wp","href":"https:\/\/api.w.org\/{rel}","templated":true}]}}