{"id":3293,"date":"2025-04-28T08:41:00","date_gmt":"2025-04-28T13:41:00","guid":{"rendered":"https:\/\/incp.org.co\/agendatributariaincp\/?p=3293"},"modified":"2026-02-16T11:04:34","modified_gmt":"2026-02-16T16:04:34","slug":"pese-a-levantarse-la-conmocion-interior-del-catatumbo-algunas-medidas-tributarias-seguiran-vigentes","status":"publish","type":"post","link":"https:\/\/incp.org.co\/agendatributariaincp\/noticias\/2025\/04\/pese-a-levantarse-la-conmocion-interior-del-catatumbo-algunas-medidas-tributarias-seguiran-vigentes\/","title":{"rendered":"Pese a levantarse la conmoci\u00f3n interior del Catatumbo, algunas medidas tributarias seguir\u00e1n vigentes"},"content":{"rendered":"\n<figure class=\"wp-block-embed is-type-video is-provider-youtube wp-block-embed-youtube wp-embed-aspect-16-9 wp-has-aspect-ratio\"><div class=\"wp-block-embed__wrapper\">\n<div class='embed-container'><iframe loading=\"lazy\" title=\"Pese a levantarse la conmoci\u00f3n interior del Catatumbo, algunas medidas tributarias seguir\u00e1n vigentes\" width=\"1920\" height=\"1080\" src=\"https:\/\/www.youtube.com\/embed\/s5eIe-tBggk?feature=oembed\" frameborder=\"0\" allow=\"accelerometer; autoplay; clipboard-write; encrypted-media; gyroscope; picture-in-picture; web-share\" referrerpolicy=\"strict-origin-when-cross-origin\" allowfullscreen><\/iframe><\/div>\n<\/div><\/figure>\n\n\n\n<link href=\"https:\/\/cdnjs.cloudflare.com\/ajax\/libs\/font-awesome\/6.0.0-beta3\/css\/all.min.css\" rel=\"stylesheet\">\n<style> \n.container{\n  height: 200px;\n  position: relative;\n  border: 0px solid green;\n}\n\n.center{\n  margin: 0;\n  position: absolute;\n  top: 50%;\n  left: 50%;\n  -ms-transform: translate(-50%, -50%);\n  transform: translate(-50%, -50%);\n}\n.button {\n  background-color: #04AA6D;\n  border: none;\n  color: #04AA6D;;\n  padding: 16px 32px;\n  text-align: center;\n  text-decoration: none;\n  display: inline-block;\n  font-size: 16px;\n  margin: 4px 2px;\n  transition-duration: 0.4s;\n  cursor: pointer;\nborder-radius: 25px;\n}\n.button1 {\n  background-color: #04AA6D;\n  color: black; \n  border: 2px solid #04AA6D;\n}\n.button1:hover {\n  background-color: #04AA6D;;\n  color: white;\n}\n<\/style>\n<div class=\"container\">\n  <div class=\"center\">\n<a href=\"https:\/\/whatsapp.com\/channel\/0029Va8neTFCcW4h5pCJrM00\" target=\"_blank\" class=\"button button1\" rel=\"noopener\"> <i class=\"fa-brands fa-whatsapp\"><\/i>&nbsp;&nbsp;&nbsp;\u00danete a nuestro canal de whatsapp<\/a>\n <\/div>\n<\/div>\n\n\n\n<p style=\"text-align:justify\">La Direcci\u00f3n de Impuestos y Aduanas Nacionales (DIAN) inform\u00f3 que las medidas tributarias adoptadas en el <a href=\"https:\/\/incp.org.co\/publicaciones\/infoincp-publicaciones\/impuestos\/2025\/02\/se-crearon-nuevos-impuestos-para-atender-la-conmocion-interior-del-catatumbo\/\">Decreto 175 de 2025<\/a><a href=\"#_ftn1\" id=\"_ftnref1\"><sup>[1]<\/sup><\/a>, expedido durante el Estado de Conmoci\u00f3n Interior en la regi\u00f3n del Catatumbo, contin\u00faan vigentes hasta el 31 de diciembre del presente a\u00f1o.<\/p>\n\n\n\n<p style=\"text-align:justify\">Aunque el <a href=\"https:\/\/incp.org.co\/publicaciones\/infoincp-publicaciones\/2025\/04\/se-levanto-la-conmocion-interior-declarada-en-el-catatumbo\/\">Decreto 467 de 2025<\/a><a href=\"#_ftn2\" id=\"_ftnref2\"><sup>[2]<\/sup><\/a> levant\u00f3 el estado de conmoci\u00f3n interior y prorrog\u00f3 otras disposiciones emitidas en ese contexto, no fue necesario extender la vigencia del Decreto 175, ya que su art\u00edculo 10 establece expresamente que las medidas tributarias all\u00ed contenidas rigen hasta el final del a\u00f1o fiscal 2025.<\/p>\n\n\n\n<p>Ver: <a href=\"https:\/\/incp.org.co\/wp-content\/uploads\/2025\/04\/Comunicado-No.-39-de-2025-DIAN.pdf\">Comunicado No. 39 de 2025 &#8211; DIAN<\/a><\/p>\n\n\n\n<p><strong>Redacci\u00f3n INCP<\/strong><\/p>\n\n\n\n<hr class=\"wp-block-separator has-alpha-channel-opacity\"\/>\n\n\n\n<p style=\"text-align:justify\"><a href=\"#_ftnref1\" id=\"_ftn1\"><em><strong>[1]<\/strong><\/em><\/a><em> \u201cPor el cual se adoptan medidas tributarias destinadas a atender los gastos del Presupuesto General de la Naci\u00f3n necesarios para hacer frente al estado de conmoci\u00f3n interior decretado en la regi\u00f3n del Catatumbo, el \u00e1rea metropolitana de C\u00facuta y los municipios de Rio de Oro y Gonz\u00e1lez del departamento del Cesar\u201d.<\/em><\/p>\n\n\n\n<p style=\"text-align:justify\"><a href=\"#_ftnref2\" id=\"_ftn2\"><em><strong>[2]<\/strong><\/em><\/a> <em>\u201cPor el cual se levanta el Estado de Conmoci\u00f3n Interior declarado en la regi\u00f3n del Catatumbo, los municipios del \u00e1rea metropolitana de C\u00facuta y los municipios de R\u00edo de Oro y Gonz\u00e1lez del departamento del Cesar y se prorroga la vigencia de unas disposiciones\u201d.<\/em><\/p>\n","protected":false},"excerpt":{"rendered":"<p>&nbsp;&nbsp;&nbsp;\u00danete a nuestro canal de whatsapp La Direcci\u00f3n de Impuestos y Aduanas Nacionales (DIAN) inform\u00f3 que las medidas tributarias adoptadas en el Decreto 175 de 2025[1], expedido durante el Estado de Conmoci\u00f3n Interior en la regi\u00f3n del Catatumbo, contin\u00faan vigentes hasta el 31 de diciembre del presente a\u00f1o. Aunque el Decreto 467 de 2025[2] levant\u00f3&hellip; <br \/> <a class=\"read-more\" href=\"https:\/\/incp.org.co\/agendatributariaincp\/noticias\/2025\/04\/pese-a-levantarse-la-conmocion-interior-del-catatumbo-algunas-medidas-tributarias-seguiran-vigentes\/\">Read more<\/a><\/p>\n","protected":false},"author":27935,"featured_media":3301,"comment_status":"open","ping_status":"open","sticky":false,"template":"","format":"standard","meta":{"footnotes":""},"categories":[13],"tags":[],"class_list":["post-3293","post","type-post","status-publish","format-standard","has-post-thumbnail","hentry","category-noticias"],"_links":{"self":[{"href":"https:\/\/incp.org.co\/agendatributariaincp\/wp-json\/wp\/v2\/posts\/3293","targetHints":{"allow":["GET"]}}],"collection":[{"href":"https:\/\/incp.org.co\/agendatributariaincp\/wp-json\/wp\/v2\/posts"}],"about":[{"href":"https:\/\/incp.org.co\/agendatributariaincp\/wp-json\/wp\/v2\/types\/post"}],"author":[{"embeddable":true,"href":"https:\/\/incp.org.co\/agendatributariaincp\/wp-json\/wp\/v2\/users\/27935"}],"replies":[{"embeddable":true,"href":"https:\/\/incp.org.co\/agendatributariaincp\/wp-json\/wp\/v2\/comments?post=3293"}],"version-history":[{"count":1,"href":"https:\/\/incp.org.co\/agendatributariaincp\/wp-json\/wp\/v2\/posts\/3293\/revisions"}],"predecessor-version":[{"id":3295,"href":"https:\/\/incp.org.co\/agendatributariaincp\/wp-json\/wp\/v2\/posts\/3293\/revisions\/3295"}],"wp:featuredmedia":[{"embeddable":true,"href":"https:\/\/incp.org.co\/agendatributariaincp\/wp-json\/wp\/v2\/media\/3301"}],"wp:attachment":[{"href":"https:\/\/incp.org.co\/agendatributariaincp\/wp-json\/wp\/v2\/media?parent=3293"}],"wp:term":[{"taxonomy":"category","embeddable":true,"href":"https:\/\/incp.org.co\/agendatributariaincp\/wp-json\/wp\/v2\/categories?post=3293"},{"taxonomy":"post_tag","embeddable":true,"href":"https:\/\/incp.org.co\/agendatributariaincp\/wp-json\/wp\/v2\/tags?post=3293"}],"curies":[{"name":"wp","href":"https:\/\/api.w.org\/{rel}","templated":true}]}}