{"id":3294,"date":"2025-04-28T08:41:00","date_gmt":"2025-04-28T13:41:00","guid":{"rendered":"https:\/\/incp.org.co\/agendatributariaincp\/?p=3294"},"modified":"2026-02-16T11:04:37","modified_gmt":"2026-02-16T16:04:37","slug":"se-modificaron-los-plazos-para-el-reporte-de-informacion-exogena-de-grandes-contribuyentes","status":"publish","type":"post","link":"https:\/\/incp.org.co\/agendatributariaincp\/noticias\/2025\/04\/se-modificaron-los-plazos-para-el-reporte-de-informacion-exogena-de-grandes-contribuyentes\/","title":{"rendered":"Se modificaron los plazos para el reporte de informaci\u00f3n ex\u00f3gena de grandes contribuyentes"},"content":{"rendered":"\n<figure class=\"wp-block-embed is-type-video is-provider-youtube wp-block-embed-youtube wp-embed-aspect-16-9 wp-has-aspect-ratio\"><div class=\"wp-block-embed__wrapper\">\n<div class='embed-container'><iframe loading=\"lazy\" title=\"Se modificaron los plazos para el reporte de informaci\u00f3n ex\u00f3gena de grandes contribuyentes\" width=\"1920\" height=\"1080\" src=\"https:\/\/www.youtube.com\/embed\/HqVUKFwgCNQ?feature=oembed\" frameborder=\"0\" allow=\"accelerometer; autoplay; clipboard-write; encrypted-media; gyroscope; picture-in-picture; web-share\" referrerpolicy=\"strict-origin-when-cross-origin\" allowfullscreen><\/iframe><\/div>\n<\/div><\/figure>\n\n\n\n<link href=\"https:\/\/cdnjs.cloudflare.com\/ajax\/libs\/font-awesome\/6.0.0-beta3\/css\/all.min.css\" rel=\"stylesheet\">\n<style> \n.container{\n  height: 200px;\n  position: relative;\n  border: 0px solid green;\n}\n\n.center{\n  margin: 0;\n  position: absolute;\n  top: 50%;\n  left: 50%;\n  -ms-transform: translate(-50%, -50%);\n  transform: translate(-50%, -50%);\n}\n.button {\n  background-color: #04AA6D;\n  border: none;\n  color: #04AA6D;;\n  padding: 16px 32px;\n  text-align: center;\n  text-decoration: none;\n  display: inline-block;\n  font-size: 16px;\n  margin: 4px 2px;\n  transition-duration: 0.4s;\n  cursor: pointer;\nborder-radius: 25px;\n}\n.button1 {\n  background-color: #04AA6D;\n  color: black; \n  border: 2px solid #04AA6D;\n}\n.button1:hover {\n  background-color: #04AA6D;;\n  color: white;\n}\n<\/style>\n<div class=\"container\">\n  <div class=\"center\">\n<a href=\"https:\/\/whatsapp.com\/channel\/0029Va8neTFCcW4h5pCJrM00\" target=\"_blank\" class=\"button button1\" rel=\"noopener\"> <i class=\"fa-brands fa-whatsapp\"><\/i>&nbsp;&nbsp;&nbsp;\u00danete a nuestro canal de whatsapp<\/a>\n <\/div>\n<\/div>\n\n\n\n<p style=\"text-align:justify\">Por medio de la Resoluci\u00f3n 000208 del 24 de abril de 2025<a href=\"#_ftn1\" id=\"_ftnref1\"><sup>[1]<\/sup><\/a>, la Direcci\u00f3n de Impuestos y Aduanas Nacionales (DIAN) modific\u00f3 los plazos aplicables este 2025 a los grandes contribuyentes para la presentaci\u00f3n de la informaci\u00f3n ex\u00f3gena contemplada en los art\u00edculos 6 y 7 de la <a href=\"https:\/\/incp.org.co\/publicaciones\/infoincp-publicaciones\/impuestos\/nacionales\/2023\/11\/se-establecen-los-obligados-a-presentar-exogena-por-el-ano-gravable-2024\/\">Resoluci\u00f3n 000162 de 2023<\/a><a href=\"#_ftn2\" id=\"_ftnref2\"><sup>[2]<\/sup><\/a>, modificada a su vez por la <a href=\"https:\/\/incp.org.co\/publicaciones\/infoincp-publicaciones\/impuestos\/nacionales\/2024\/11\/nuevo-calendario-para-presentar-la-exogena-del-ano-gravable-2025\/\">Resoluci\u00f3n 000188 de 2024<\/a><a href=\"#_ftn3\" id=\"_ftnref3\"><sup>[3]<\/sup><\/a>.<\/p>\n\n\n\n<p>Los plazos que inicialmente se cumpl\u00edan entre el 25 de abril y el 13 de junio, se ajustaron as\u00ed:<\/p>\n\n\n\n<figure class=\"wp-block-table\"><table class=\"has-fixed-layout\"><tbody><tr><td><strong>\u00daltimo d\u00edgito del NIT<\/strong><\/td><td><strong>Fecha<\/strong><\/td><\/tr><tr><td>1<\/td><td>28 de mayo de 2025<\/td><\/tr><tr><td>2<\/td><td>03 de junio de 2025<\/td><\/tr><tr><td>3<\/td><td>04 de junio de 2025<\/td><\/tr><tr><td>4<\/td><td>05 de junio de 2025<\/td><\/tr><tr><td>5<\/td><td>06 de junio de 2025<\/td><\/tr><tr><td>6<\/td><td>09 de junio de 2025<\/td><\/tr><tr><td>7<\/td><td>10 de junio de 2025<\/td><\/tr><tr><td>8<\/td><td>11de junio de 2025<\/td><\/tr><tr><td>9<\/td><td>12 de junio de 2025<\/td><\/tr><tr><td>0<\/td><td>13 de junio de 2025<\/td><\/tr><\/tbody><\/table><\/figure>\n\n\n\n<p>Para m\u00e1s detalles, lea el documento a continuaci\u00f3n.<\/p>\n\n\n\n<p>Ver: <a href=\"https:\/\/incp.org.co\/wp-content\/uploads\/2025\/04\/Resolucion-000208-de-24-04-2025.pdf\">Resoluci\u00f3n 000208 de 2025 &#8211; DIAN<\/a><\/p>\n\n\n\n<p><strong>Redacci\u00f3n INCP<\/strong><\/p>\n\n\n\n<hr class=\"wp-block-separator has-alpha-channel-opacity\"\/>\n\n\n\n<p><a href=\"#_ftnref1\" id=\"_ftn1\">[1]<\/a><em> \u201cPor la cual se modifica y adiciona parcialmente la Resoluci\u00f3n 000162 del 31 de octubre de 2023\u201d.<\/em><\/p>\n\n\n\n<p style=\"text-align:justify\"><a href=\"#_ftnref2\" id=\"_ftn2\">[2]<\/a><em> \u201cPor la cual se establece el grupo de obligados a suministrar informaci\u00f3n tributaria a la Unidad Administrativa Especial Direcci\u00f3n de Impuestos y Aduanas Nacionales -DIAN, por el a\u00f1o gravable 2024 y siguientes, se se\u00f1ala el contenido, caracter\u00edsticas t\u00e9cnicas para la presentaci\u00f3n y se fijan los plazos para la entrega\u201d.<\/em><\/p>\n\n\n\n<p><a href=\"#_ftnref3\" id=\"_ftn3\">[3]<\/a><em> \u201cPor la cual se modifica y adiciona parcialmente la Resoluci\u00f3n 000162 del 31 de octubre de 2023\u201d.<\/em><\/p>\n","protected":false},"excerpt":{"rendered":"<p>&nbsp;&nbsp;&nbsp;\u00danete a nuestro canal de whatsapp Por medio de la Resoluci\u00f3n 000208 del 24 de abril de 2025[1], la Direcci\u00f3n de Impuestos y Aduanas Nacionales (DIAN) modific\u00f3 los plazos aplicables este 2025 a los grandes contribuyentes para la presentaci\u00f3n de la informaci\u00f3n ex\u00f3gena contemplada en los art\u00edculos 6 y 7 de la Resoluci\u00f3n 000162 de&hellip; <br \/> <a class=\"read-more\" href=\"https:\/\/incp.org.co\/agendatributariaincp\/noticias\/2025\/04\/se-modificaron-los-plazos-para-el-reporte-de-informacion-exogena-de-grandes-contribuyentes\/\">Read more<\/a><\/p>\n","protected":false},"author":27935,"featured_media":3300,"comment_status":"open","ping_status":"open","sticky":false,"template":"","format":"standard","meta":{"footnotes":""},"categories":[13],"tags":[],"class_list":["post-3294","post","type-post","status-publish","format-standard","has-post-thumbnail","hentry","category-noticias"],"_links":{"self":[{"href":"https:\/\/incp.org.co\/agendatributariaincp\/wp-json\/wp\/v2\/posts\/3294","targetHints":{"allow":["GET"]}}],"collection":[{"href":"https:\/\/incp.org.co\/agendatributariaincp\/wp-json\/wp\/v2\/posts"}],"about":[{"href":"https:\/\/incp.org.co\/agendatributariaincp\/wp-json\/wp\/v2\/types\/post"}],"author":[{"embeddable":true,"href":"https:\/\/incp.org.co\/agendatributariaincp\/wp-json\/wp\/v2\/users\/27935"}],"replies":[{"embeddable":true,"href":"https:\/\/incp.org.co\/agendatributariaincp\/wp-json\/wp\/v2\/comments?post=3294"}],"version-history":[{"count":1,"href":"https:\/\/incp.org.co\/agendatributariaincp\/wp-json\/wp\/v2\/posts\/3294\/revisions"}],"predecessor-version":[{"id":3296,"href":"https:\/\/incp.org.co\/agendatributariaincp\/wp-json\/wp\/v2\/posts\/3294\/revisions\/3296"}],"wp:featuredmedia":[{"embeddable":true,"href":"https:\/\/incp.org.co\/agendatributariaincp\/wp-json\/wp\/v2\/media\/3300"}],"wp:attachment":[{"href":"https:\/\/incp.org.co\/agendatributariaincp\/wp-json\/wp\/v2\/media?parent=3294"}],"wp:term":[{"taxonomy":"category","embeddable":true,"href":"https:\/\/incp.org.co\/agendatributariaincp\/wp-json\/wp\/v2\/categories?post=3294"},{"taxonomy":"post_tag","embeddable":true,"href":"https:\/\/incp.org.co\/agendatributariaincp\/wp-json\/wp\/v2\/tags?post=3294"}],"curies":[{"name":"wp","href":"https:\/\/api.w.org\/{rel}","templated":true}]}}