{"id":3308,"date":"2025-05-08T09:06:00","date_gmt":"2025-05-08T14:06:00","guid":{"rendered":"https:\/\/incp.org.co\/agendatributariaincp\/?p=3308"},"modified":"2026-02-16T11:03:52","modified_gmt":"2026-02-16T16:03:52","slug":"bogota-tendra-una-jornada-especial-de-atencion-a-contribuyentes-en-mora","status":"publish","type":"post","link":"https:\/\/incp.org.co\/agendatributariaincp\/noticias\/2025\/05\/bogota-tendra-una-jornada-especial-de-atencion-a-contribuyentes-en-mora\/","title":{"rendered":"Bogot\u00e1 tendr\u00e1 una jornada especial de atenci\u00f3n a contribuyentes en mora"},"content":{"rendered":"\n<figure class=\"wp-block-embed is-type-video is-provider-youtube wp-block-embed-youtube wp-embed-aspect-16-9 wp-has-aspect-ratio\"><div class=\"wp-block-embed__wrapper\">\n<div class='embed-container'><iframe loading=\"lazy\" title=\"Bogot\u00e1 tendr\u00e1 una jornada especial de atenci\u00f3n a contribuyentes en mora\" width=\"1920\" height=\"1080\" src=\"https:\/\/www.youtube.com\/embed\/b7Sy0NvLwHI?feature=oembed\" frameborder=\"0\" allow=\"accelerometer; autoplay; clipboard-write; encrypted-media; gyroscope; picture-in-picture; web-share\" referrerpolicy=\"strict-origin-when-cross-origin\" allowfullscreen><\/iframe><\/div>\n<\/div><\/figure>\n\n\n\n<link href=\"https:\/\/cdnjs.cloudflare.com\/ajax\/libs\/font-awesome\/6.0.0-beta3\/css\/all.min.css\" rel=\"stylesheet\">\n<style> \n.container{\n  height: 200px;\n  position: relative;\n  border: 0px solid green;\n}\n\n.center{\n  margin: 0;\n  position: absolute;\n  top: 50%;\n  left: 50%;\n  -ms-transform: translate(-50%, -50%);\n  transform: translate(-50%, -50%);\n}\n.button {\n  background-color: #04AA6D;\n  border: none;\n  color: #04AA6D;;\n  padding: 16px 32px;\n  text-align: center;\n  text-decoration: none;\n  display: inline-block;\n  font-size: 16px;\n  margin: 4px 2px;\n  transition-duration: 0.4s;\n  cursor: pointer;\nborder-radius: 25px;\n}\n.button1 {\n  background-color: #04AA6D;\n  color: black; \n  border: 2px solid #04AA6D;\n}\n.button1:hover {\n  background-color: #04AA6D;;\n  color: white;\n}\n<\/style>\n<div class=\"container\">\n  <div class=\"center\">\n<a href=\"https:\/\/whatsapp.com\/channel\/0029Va8neTFCcW4h5pCJrM00\" target=\"_blank\" class=\"button button1\" rel=\"noopener\"> <i class=\"fa-brands fa-whatsapp\"><\/i>&nbsp;&nbsp;&nbsp;\u00danete a nuestro canal de whatsapp<\/a>\n <\/div>\n<\/div>\n\n\n\n<p style=\"text-align:justify\">Con el objetivo de facilitar la normalizaci\u00f3n de obligaciones tributarias, la Secretar\u00eda Distrital de Hacienda (SDH) realizar\u00e1 entre el 8 y el 16 de mayo de 2025 una \u2018<em>Jornada Especializada de atenci\u00f3n a contribuyentes en mora\u2019<\/em>. Durante estos d\u00edas, los ciudadanos podr\u00e1n suscribir acuerdos de pago con una cuota inicial reducida del 10 % del valor total adeudado, en lugar del habitual 30 %.<\/p>\n\n\n\n<p style=\"text-align:justify\">Esta medida busca evitar que los deudores sean incluidos en el \u2018<em>Bolet\u00edn de Deudores Morosos del Estado \u2013 BDME\u2019<\/em>, evit\u00e1ndoles inhabilidades para contratar con el Estado o ejercer cargos p\u00fablicos. Recordemos que este reporte aplica a quienes tienen deudas superiores a cinco salarios m\u00ednimos mensuales legales vigentes (m\u00e1s de $7.117.500), en mora por m\u00e1s de seis meses, o hayan incumplido acuerdos anteriores.<\/p>\n\n\n\n<p style=\"text-align:justify\">De no ponerse al d\u00eda, m\u00e1s de 93 mil contribuyentes del distrito ser\u00edan reportados a la Contadur\u00eda General de la Naci\u00f3n el pr\u00f3ximo 31 de mayo, con una deuda total que supera los $ 6,75 billones. El detalle de los tributos adeudados es el siguiente:<\/p>\n\n\n\n<ul class=\"wp-block-list\">\n<li>Impuesto predial: 553.180 obligaciones.<\/li>\n\n\n\n<li>Impuesto de veh\u00edculos: 253.179 obligaciones.<\/li>\n\n\n\n<li>Impuesto de Industria y Comercio (ICA): 65.917 obligaciones.<\/li>\n<\/ul>\n\n\n\n<p>La jornada especial de atenci\u00f3n se llevar\u00e1 a cabo en la siguiente direcci\u00f3n:<\/p>\n\n\n\n<p>Calle 22B #31-42, Edificio Visi\u00f3n del complejo G12, Bogot\u00e1.<\/p>\n\n\n\n<p>El horario de atenci\u00f3n ser\u00e1:<\/p>\n\n\n\n<p>Lunes a viernes de 7:00 a. m. a 4:30 p. m.<\/p>\n\n\n\n<p>S\u00e1bado de 8:00 a. m. a 12:00 m.<\/p>\n\n\n\n<p><strong>Redacci\u00f3n INCP<\/strong><\/p>\n\n\n\n<hr class=\"wp-block-separator has-alpha-channel-opacity\"\/>\n","protected":false},"excerpt":{"rendered":"<p>&nbsp;&nbsp;&nbsp;\u00danete a nuestro canal de whatsapp Con el objetivo de facilitar la normalizaci\u00f3n de obligaciones tributarias, la Secretar\u00eda Distrital de Hacienda (SDH) realizar\u00e1 entre el 8 y el 16 de mayo de 2025 una \u2018Jornada Especializada de atenci\u00f3n a contribuyentes en mora\u2019. Durante estos d\u00edas, los ciudadanos podr\u00e1n suscribir acuerdos de pago con una cuota&hellip; <br \/> <a class=\"read-more\" href=\"https:\/\/incp.org.co\/agendatributariaincp\/noticias\/2025\/05\/bogota-tendra-una-jornada-especial-de-atencion-a-contribuyentes-en-mora\/\">Read more<\/a><\/p>\n","protected":false},"author":27935,"featured_media":3310,"comment_status":"open","ping_status":"open","sticky":false,"template":"","format":"standard","meta":{"footnotes":""},"categories":[13],"tags":[],"class_list":["post-3308","post","type-post","status-publish","format-standard","has-post-thumbnail","hentry","category-noticias"],"_links":{"self":[{"href":"https:\/\/incp.org.co\/agendatributariaincp\/wp-json\/wp\/v2\/posts\/3308","targetHints":{"allow":["GET"]}}],"collection":[{"href":"https:\/\/incp.org.co\/agendatributariaincp\/wp-json\/wp\/v2\/posts"}],"about":[{"href":"https:\/\/incp.org.co\/agendatributariaincp\/wp-json\/wp\/v2\/types\/post"}],"author":[{"embeddable":true,"href":"https:\/\/incp.org.co\/agendatributariaincp\/wp-json\/wp\/v2\/users\/27935"}],"replies":[{"embeddable":true,"href":"https:\/\/incp.org.co\/agendatributariaincp\/wp-json\/wp\/v2\/comments?post=3308"}],"version-history":[{"count":1,"href":"https:\/\/incp.org.co\/agendatributariaincp\/wp-json\/wp\/v2\/posts\/3308\/revisions"}],"predecessor-version":[{"id":3311,"href":"https:\/\/incp.org.co\/agendatributariaincp\/wp-json\/wp\/v2\/posts\/3308\/revisions\/3311"}],"wp:featuredmedia":[{"embeddable":true,"href":"https:\/\/incp.org.co\/agendatributariaincp\/wp-json\/wp\/v2\/media\/3310"}],"wp:attachment":[{"href":"https:\/\/incp.org.co\/agendatributariaincp\/wp-json\/wp\/v2\/media?parent=3308"}],"wp:term":[{"taxonomy":"category","embeddable":true,"href":"https:\/\/incp.org.co\/agendatributariaincp\/wp-json\/wp\/v2\/categories?post=3308"},{"taxonomy":"post_tag","embeddable":true,"href":"https:\/\/incp.org.co\/agendatributariaincp\/wp-json\/wp\/v2\/tags?post=3308"}],"curies":[{"name":"wp","href":"https:\/\/api.w.org\/{rel}","templated":true}]}}