{"id":3309,"date":"2025-05-08T09:06:00","date_gmt":"2025-05-08T14:06:00","guid":{"rendered":"https:\/\/incp.org.co\/agendatributariaincp\/?p=3309"},"modified":"2026-02-16T11:03:57","modified_gmt":"2026-02-16T16:03:57","slug":"se-realizarian-ajustes-al-regimen-de-zonas-francas","status":"publish","type":"post","link":"https:\/\/incp.org.co\/agendatributariaincp\/noticias\/2025\/05\/se-realizarian-ajustes-al-regimen-de-zonas-francas\/","title":{"rendered":"Se realizar\u00edan ajustes al r\u00e9gimen de zonas francas"},"content":{"rendered":"\n<figure class=\"wp-block-embed is-type-video is-provider-youtube wp-block-embed-youtube wp-embed-aspect-16-9 wp-has-aspect-ratio\"><div class=\"wp-block-embed__wrapper\">\n<div class='embed-container'><iframe loading=\"lazy\" title=\"Se realizar\u00edan ajustes al r\u00e9gimen de zonas francas\" width=\"1920\" height=\"1080\" src=\"https:\/\/www.youtube.com\/embed\/xXfW1pAqnbY?feature=oembed\" frameborder=\"0\" allow=\"accelerometer; autoplay; clipboard-write; encrypted-media; gyroscope; picture-in-picture; web-share\" referrerpolicy=\"strict-origin-when-cross-origin\" allowfullscreen><\/iframe><\/div>\n<\/div><\/figure>\n\n\n\n<link href=\"https:\/\/cdnjs.cloudflare.com\/ajax\/libs\/font-awesome\/6.0.0-beta3\/css\/all.min.css\" rel=\"stylesheet\">\n<style> \n.container{\n  height: 200px;\n  position: relative;\n  border: 0px solid green;\n}\n\n.center{\n  margin: 0;\n  position: absolute;\n  top: 50%;\n  left: 50%;\n  -ms-transform: translate(-50%, -50%);\n  transform: translate(-50%, -50%);\n}\n.button {\n  background-color: #04AA6D;\n  border: none;\n  color: #04AA6D;;\n  padding: 16px 32px;\n  text-align: center;\n  text-decoration: none;\n  display: inline-block;\n  font-size: 16px;\n  margin: 4px 2px;\n  transition-duration: 0.4s;\n  cursor: pointer;\nborder-radius: 25px;\n}\n.button1 {\n  background-color: #04AA6D;\n  color: black; \n  border: 2px solid #04AA6D;\n}\n.button1:hover {\n  background-color: #04AA6D;;\n  color: white;\n}\n<\/style>\n<div class=\"container\">\n  <div class=\"center\">\n<a href=\"https:\/\/whatsapp.com\/channel\/0029Va8neTFCcW4h5pCJrM00\" target=\"_blank\" class=\"button button1\" rel=\"noopener\"> <i class=\"fa-brands fa-whatsapp\"><\/i>&nbsp;&nbsp;&nbsp;\u00danete a nuestro canal de whatsapp<\/a>\n <\/div>\n<\/div>\n\n\n\n<p style=\"text-align:justify\">El Ministerio de Comercio, Industria y Turismo (MINCIT) public\u00f3 para comentarios un proyecto de decreto que propone modificar el Decreto 2147 de 2016*, con el objetivo de armonizar el r\u00e9gimen de zonas francas con los lineamientos de la Pol\u00edtica Nacional de Reindustrializaci\u00f3n y fortalecer su impacto en la productividad, sostenibilidad y competitividad empresarial del pa\u00eds.<\/p>\n\n\n\n<p>Los principales cambios ser\u00edan:<\/p>\n\n\n\n<ul class=\"wp-block-list\">\n<li><p style=\"text-align:justify\">Incorporaci\u00f3n del caf\u00e9 y el plasma con fines cient\u00edficos y de investigaci\u00f3n como bienes que pueden considerarse fuera del territorio aduanero nacional para efectos de los tributos a la importaci\u00f3n y exportaci\u00f3n.<\/p><\/li>\n\n\n\n<li><p style=\"text-align:justify\">Se precisar\u00eda que la actividad inmobiliaria no puede ser autorizada al usuario industrial de zona franca.<\/p><\/li>\n\n\n\n<li><p style=\"text-align:justify\">Obligaci\u00f3n de destinar al menos el 10 % de la nueva inversi\u00f3n a actividades de investigaci\u00f3n, desarrollo e innovaci\u00f3n (I+D+i), como condici\u00f3n para la declaratoria de existencia de zonas francas.<\/p><\/li>\n\n\n\n<li><p style=\"text-align:justify\">Compromiso de iniciar procesos de certificaci\u00f3n en desarrollo sostenible, como parques eco-industriales, dentro de los tres a\u00f1os siguientes a la entrada en operaci\u00f3n de la zona franca.<\/p><\/li>\n\n\n\n<li><p style=\"text-align:justify\">Exigencia de un plan de internacionalizaci\u00f3n alineado con las pol\u00edticas de comercio exterior, que promueva el acceso a nuevos mercados y fomente la adopci\u00f3n de tecnolog\u00edas de la informaci\u00f3n, industrias 4.0 y exportaci\u00f3n de servicios.<\/p><\/li>\n\n\n\n<li><p style=\"text-align:justify\">Creaci\u00f3n de la figura de \u201czona franca permanente especial de inter\u00e9s nacional\u201d, la cual fomentar\u00eda sectores estrat\u00e9gicos o territorios priorizados por el Gobierno. Esta categor\u00eda se aplicar\u00eda a proyectos que realicen una nueva inversi\u00f3n de al menos 143.000 UVT en los tres a\u00f1os siguientes a la declaratoria de existencia, generen 50 empleos directos y formales de forma gradual (20 en los primeros tres a\u00f1os, 20 adicionales en los siguientes tres, y 10 m\u00e1s en los tres a\u00f1os posteriores).<\/p><\/li>\n<\/ul>\n\n\n\n<p style=\"text-align:justify\">El MINCIT recibir\u00e1 comentarios sobre este proyecto normativo hasta 21 de mayo al correo electr\u00f3nico <a href=\"mailto:cpachon@mincit.gov.co\">cpachon@mincit.gov.co<\/a>.<\/p>\n\n\n\n<p>Para m\u00e1s informaci\u00f3n, consulte el documento a continuaci\u00f3n.<\/p>\n\n\n\n<p>Ver: <a href=\"https:\/\/incp.org.co\/wp-content\/uploads\/2025\/05\/Proyecto-de-decreto-MINCIT.pdf\">Proyecto de decreto &#8211; MINCIT<\/a><\/p>\n\n\n\n<p><em>*\u201dP<\/em><em>or el cual se modifica el r\u00e9gimen de zonas francas y se dictan otras disposiciones\u201d.<\/em><\/p>\n\n\n\n<p><strong>Redacci\u00f3n INCP<\/strong><\/p>\n\n\n\n<hr class=\"wp-block-separator has-alpha-channel-opacity\"\/>\n","protected":false},"excerpt":{"rendered":"<p>&nbsp;&nbsp;&nbsp;\u00danete a nuestro canal de whatsapp El Ministerio de Comercio, Industria y Turismo (MINCIT) public\u00f3 para comentarios un proyecto de decreto que propone modificar el Decreto 2147 de 2016*, con el objetivo de armonizar el r\u00e9gimen de zonas francas con los lineamientos de la Pol\u00edtica Nacional de Reindustrializaci\u00f3n y fortalecer su impacto en la productividad,&hellip; <br \/> <a class=\"read-more\" href=\"https:\/\/incp.org.co\/agendatributariaincp\/noticias\/2025\/05\/se-realizarian-ajustes-al-regimen-de-zonas-francas\/\">Read more<\/a><\/p>\n","protected":false},"author":27935,"featured_media":3312,"comment_status":"open","ping_status":"open","sticky":false,"template":"","format":"standard","meta":{"footnotes":""},"categories":[13],"tags":[],"class_list":["post-3309","post","type-post","status-publish","format-standard","has-post-thumbnail","hentry","category-noticias"],"_links":{"self":[{"href":"https:\/\/incp.org.co\/agendatributariaincp\/wp-json\/wp\/v2\/posts\/3309","targetHints":{"allow":["GET"]}}],"collection":[{"href":"https:\/\/incp.org.co\/agendatributariaincp\/wp-json\/wp\/v2\/posts"}],"about":[{"href":"https:\/\/incp.org.co\/agendatributariaincp\/wp-json\/wp\/v2\/types\/post"}],"author":[{"embeddable":true,"href":"https:\/\/incp.org.co\/agendatributariaincp\/wp-json\/wp\/v2\/users\/27935"}],"replies":[{"embeddable":true,"href":"https:\/\/incp.org.co\/agendatributariaincp\/wp-json\/wp\/v2\/comments?post=3309"}],"version-history":[{"count":1,"href":"https:\/\/incp.org.co\/agendatributariaincp\/wp-json\/wp\/v2\/posts\/3309\/revisions"}],"predecessor-version":[{"id":3313,"href":"https:\/\/incp.org.co\/agendatributariaincp\/wp-json\/wp\/v2\/posts\/3309\/revisions\/3313"}],"wp:featuredmedia":[{"embeddable":true,"href":"https:\/\/incp.org.co\/agendatributariaincp\/wp-json\/wp\/v2\/media\/3312"}],"wp:attachment":[{"href":"https:\/\/incp.org.co\/agendatributariaincp\/wp-json\/wp\/v2\/media?parent=3309"}],"wp:term":[{"taxonomy":"category","embeddable":true,"href":"https:\/\/incp.org.co\/agendatributariaincp\/wp-json\/wp\/v2\/categories?post=3309"},{"taxonomy":"post_tag","embeddable":true,"href":"https:\/\/incp.org.co\/agendatributariaincp\/wp-json\/wp\/v2\/tags?post=3309"}],"curies":[{"name":"wp","href":"https:\/\/api.w.org\/{rel}","templated":true}]}}