{"id":3314,"date":"2025-05-12T09:09:00","date_gmt":"2025-05-12T14:09:00","guid":{"rendered":"https:\/\/incp.org.co\/agendatributariaincp\/?p=3314"},"modified":"2026-02-16T11:03:54","modified_gmt":"2026-02-16T16:03:54","slug":"pension-de-sobrevivientes-si-procede-para-personas-con-discapacidad-sin-convivencia-con-el-causante","status":"publish","type":"post","link":"https:\/\/incp.org.co\/agendatributariaincp\/noticias\/2025\/05\/pension-de-sobrevivientes-si-procede-para-personas-con-discapacidad-sin-convivencia-con-el-causante\/","title":{"rendered":"Pensi\u00f3n de sobrevivientes s\u00ed procede para personas con discapacidad sin convivencia con el causante"},"content":{"rendered":"\n<figure class=\"wp-block-embed is-type-video is-provider-youtube wp-block-embed-youtube wp-embed-aspect-16-9 wp-has-aspect-ratio\"><div class=\"wp-block-embed__wrapper\">\n<div class='embed-container'><iframe loading=\"lazy\" title=\"Pensi\u00f3n de sobrevivientes s\u00ed procede para personas con discapacidad sin convivencia con el causante\" width=\"1920\" height=\"1080\" src=\"https:\/\/www.youtube.com\/embed\/Lt0L7mb4l50?feature=oembed\" frameborder=\"0\" allow=\"accelerometer; autoplay; clipboard-write; encrypted-media; gyroscope; picture-in-picture; web-share\" referrerpolicy=\"strict-origin-when-cross-origin\" allowfullscreen><\/iframe><\/div>\n<\/div><\/figure>\n\n\n\n<link href=\"https:\/\/cdnjs.cloudflare.com\/ajax\/libs\/font-awesome\/6.0.0-beta3\/css\/all.min.css\" rel=\"stylesheet\">\n<style> \n.container{\n  height: 200px;\n  position: relative;\n  border: 0px solid green;\n}\n\n.center{\n  margin: 0;\n  position: absolute;\n  top: 50%;\n  left: 50%;\n  -ms-transform: translate(-50%, -50%);\n  transform: translate(-50%, -50%);\n}\n.button {\n  background-color: #04AA6D;\n  border: none;\n  color: #04AA6D;;\n  padding: 16px 32px;\n  text-align: center;\n  text-decoration: none;\n  display: inline-block;\n  font-size: 16px;\n  margin: 4px 2px;\n  transition-duration: 0.4s;\n  cursor: pointer;\nborder-radius: 25px;\n}\n.button1 {\n  background-color: #04AA6D;\n  color: black; \n  border: 2px solid #04AA6D;\n}\n.button1:hover {\n  background-color: #04AA6D;;\n  color: white;\n}\n<\/style>\n<div class=\"container\">\n  <div class=\"center\">\n<a href=\"https:\/\/whatsapp.com\/channel\/0029Va8neTFCcW4h5pCJrM00\" target=\"_blank\" class=\"button button1\" rel=\"noopener\"> <i class=\"fa-brands fa-whatsapp\"><\/i>&nbsp;&nbsp;&nbsp;\u00danete a nuestro canal de whatsapp<\/a>\n <\/div>\n<\/div>\n\n\n\n<p style=\"text-align:justify\">En la Sentencia T-295 de 2024, la Corte Constitucional (en adelante, Corte) ampar\u00f3 los derechos fundamentales de un hombre con esquizofrenia, tras considerar vulnerados sus derechos a la dignidad humana, seguridad social, debido proceso, igualdad y m\u00ednimo vital, luego de la negativa de Colpensiones de reconocerle la pensi\u00f3n de sobrevivientes de su padre fallecido.<\/p>\n\n\n\n<p style=\"text-align:justify\">La entidad neg\u00f3 el reconocimiento de la pensi\u00f3n, argumentando que no exist\u00eda prueba suficiente de dependencia econ\u00f3mica entre el hijo y el causante, quienes no viv\u00edan juntos. Por otro lado, a pesar de que la Junta Regional de Calificaci\u00f3n de Invalidez del Valle del Cauca determin\u00f3 que el hijo hab\u00eda tenido una p\u00e9rdida de capacidad laboral por enfermedad com\u00fan del 65 %, Colpensiones aleg\u00f3 que la fecha de estructuraci\u00f3n de la invalidez del hijo fue posterior al fallecimiento del padre.<\/p>\n\n\n\n<p style=\"text-align:justify\">La Corte reiter\u00f3 que, en casos de personas con discapacidad, la convivencia no es un requisito indispensable para acreditar la dependencia econ\u00f3mica. Adem\u00e1s, se\u00f1al\u00f3 que, trat\u00e1ndose de patolog\u00edas como la esquizofrenia, la calificaci\u00f3n de invalidez debe sustentarse en una evaluaci\u00f3n m\u00e9dica integral, considerando la progresi\u00f3n de la enfermedad y su impacto en la capacidad laboral. En ese sentido, precis\u00f3 que los dict\u00e1menes deben atender al momento en que la persona dej\u00f3 de ser econ\u00f3micamente autosuficiente, no \u00fanicamente a la fecha cl\u00ednica de estructuraci\u00f3n.<\/p>\n\n\n\n<p style=\"text-align:justify\">Comprobada la relaci\u00f3n filial, la p\u00e9rdida de capacidad laboral y la dependencia econ\u00f3mica, el alto tribunal orden\u00f3 a Colpensiones reconocer, liquidar y pagar el 50 % de la pensi\u00f3n de sobrevivientes a favor del accionante, la cual era compartida con otra beneficiaria. Asimismo, record\u00f3 a la entidad su deber de aplicar un enfoque reforzado de protecci\u00f3n a personas en situaci\u00f3n de discapacidad, evaluando con especial diligencia las pruebas y circunstancias particulares del caso.<\/p>\n\n\n\n<p>Ver: <a href=\"https:\/\/incp.org.co\/wp-content\/uploads\/2025\/05\/Sentencia-T-295-de-2024-\u2013-Corte-Constitucional.pdf\">Sentencia T-295 de 2024 \u2013 Corte Constitucional<\/a><\/p>\n\n\n\n<p><strong>Redacci\u00f3n INCP<\/strong><\/p>\n\n\n\n<hr class=\"wp-block-separator has-alpha-channel-opacity\"\/>\n","protected":false},"excerpt":{"rendered":"<p>&nbsp;&nbsp;&nbsp;\u00danete a nuestro canal de whatsapp En la Sentencia T-295 de 2024, la Corte Constitucional (en adelante, Corte) ampar\u00f3 los derechos fundamentales de un hombre con esquizofrenia, tras considerar vulnerados sus derechos a la dignidad humana, seguridad social, debido proceso, igualdad y m\u00ednimo vital, luego de la negativa de Colpensiones de reconocerle la pensi\u00f3n de&hellip; <br \/> <a class=\"read-more\" href=\"https:\/\/incp.org.co\/agendatributariaincp\/noticias\/2025\/05\/pension-de-sobrevivientes-si-procede-para-personas-con-discapacidad-sin-convivencia-con-el-causante\/\">Read more<\/a><\/p>\n","protected":false},"author":27935,"featured_media":3317,"comment_status":"open","ping_status":"open","sticky":false,"template":"","format":"standard","meta":{"footnotes":""},"categories":[13],"tags":[],"class_list":["post-3314","post","type-post","status-publish","format-standard","has-post-thumbnail","hentry","category-noticias"],"_links":{"self":[{"href":"https:\/\/incp.org.co\/agendatributariaincp\/wp-json\/wp\/v2\/posts\/3314","targetHints":{"allow":["GET"]}}],"collection":[{"href":"https:\/\/incp.org.co\/agendatributariaincp\/wp-json\/wp\/v2\/posts"}],"about":[{"href":"https:\/\/incp.org.co\/agendatributariaincp\/wp-json\/wp\/v2\/types\/post"}],"author":[{"embeddable":true,"href":"https:\/\/incp.org.co\/agendatributariaincp\/wp-json\/wp\/v2\/users\/27935"}],"replies":[{"embeddable":true,"href":"https:\/\/incp.org.co\/agendatributariaincp\/wp-json\/wp\/v2\/comments?post=3314"}],"version-history":[{"count":1,"href":"https:\/\/incp.org.co\/agendatributariaincp\/wp-json\/wp\/v2\/posts\/3314\/revisions"}],"predecessor-version":[{"id":3318,"href":"https:\/\/incp.org.co\/agendatributariaincp\/wp-json\/wp\/v2\/posts\/3314\/revisions\/3318"}],"wp:featuredmedia":[{"embeddable":true,"href":"https:\/\/incp.org.co\/agendatributariaincp\/wp-json\/wp\/v2\/media\/3317"}],"wp:attachment":[{"href":"https:\/\/incp.org.co\/agendatributariaincp\/wp-json\/wp\/v2\/media?parent=3314"}],"wp:term":[{"taxonomy":"category","embeddable":true,"href":"https:\/\/incp.org.co\/agendatributariaincp\/wp-json\/wp\/v2\/categories?post=3314"},{"taxonomy":"post_tag","embeddable":true,"href":"https:\/\/incp.org.co\/agendatributariaincp\/wp-json\/wp\/v2\/tags?post=3314"}],"curies":[{"name":"wp","href":"https:\/\/api.w.org\/{rel}","templated":true}]}}