{"id":3315,"date":"2025-05-14T09:09:00","date_gmt":"2025-05-14T14:09:00","guid":{"rendered":"https:\/\/incp.org.co\/agendatributariaincp\/?p=3315"},"modified":"2026-02-16T11:03:48","modified_gmt":"2026-02-16T16:03:48","slug":"dian-adoptaria-la-firma-electronica-en-sus-actos-administrativos","status":"publish","type":"post","link":"https:\/\/incp.org.co\/agendatributariaincp\/noticias\/2025\/05\/dian-adoptaria-la-firma-electronica-en-sus-actos-administrativos\/","title":{"rendered":"DIAN adoptar\u00eda la firma electr\u00f3nica en sus actos administrativos"},"content":{"rendered":"\n<figure class=\"wp-block-embed is-type-video is-provider-youtube wp-block-embed-youtube wp-embed-aspect-16-9 wp-has-aspect-ratio\"><div class=\"wp-block-embed__wrapper\">\n<div class='embed-container'><iframe loading=\"lazy\" title=\"DIAN adoptar\u00eda la firma electr\u00f3nica en sus actos administrativos\" width=\"1920\" height=\"1080\" src=\"https:\/\/www.youtube.com\/embed\/IgkFplyc9I4?feature=oembed\" frameborder=\"0\" allow=\"accelerometer; autoplay; clipboard-write; encrypted-media; gyroscope; picture-in-picture; web-share\" referrerpolicy=\"strict-origin-when-cross-origin\" allowfullscreen><\/iframe><\/div>\n<\/div><\/figure>\n\n\n\n<link href=\"https:\/\/cdnjs.cloudflare.com\/ajax\/libs\/font-awesome\/6.0.0-beta3\/css\/all.min.css\" rel=\"stylesheet\">\n<style> \n.container{\n  height: 200px;\n  position: relative;\n  border: 0px solid green;\n}\n\n.center{\n  margin: 0;\n  position: absolute;\n  top: 50%;\n  left: 50%;\n  -ms-transform: translate(-50%, -50%);\n  transform: translate(-50%, -50%);\n}\n.button {\n  background-color: #04AA6D;\n  border: none;\n  color: #04AA6D;;\n  padding: 16px 32px;\n  text-align: center;\n  text-decoration: none;\n  display: inline-block;\n  font-size: 16px;\n  margin: 4px 2px;\n  transition-duration: 0.4s;\n  cursor: pointer;\nborder-radius: 25px;\n}\n.button1 {\n  background-color: #04AA6D;\n  color: black; \n  border: 2px solid #04AA6D;\n}\n.button1:hover {\n  background-color: #04AA6D;;\n  color: white;\n}\n<\/style>\n<div class=\"container\">\n  <div class=\"center\">\n<a href=\"https:\/\/whatsapp.com\/channel\/0029Va8neTFCcW4h5pCJrM00\" target=\"_blank\" class=\"button button1\" rel=\"noopener\"> <i class=\"fa-brands fa-whatsapp\"><\/i>&nbsp;&nbsp;&nbsp;\u00danete a nuestro canal de whatsapp<\/a>\n <\/div>\n<\/div>\n\n\n\n<p style=\"text-align:justify\">La Direcci\u00f3n de Impuestos y Aduanas Nacionales (DIAN) public\u00f3 un proyecto de resoluci\u00f3n* mediante el cual propone adoptar el Instrumento de Firma Electr\u00f3nica (IFE) para la firma de sus actuaciones administrativas, con el fin garantizar mayor eficiencia, trazabilidad y seguridad jur\u00eddica de estos documentos generados por medios electr\u00f3nicos.<\/p>\n\n\n\n<p style=\"text-align:justify\">El uso de esta herramienta estar\u00eda respaldado por una contrase\u00f1a privada de uso exclusivo del funcionario autorizado, garantizando la identidad del firmante, la integridad del documento y la trazabilidad del acto administrativo. Su validez ser\u00e1 equivalente a la firma manuscrita, incluso cuando el documento deba darse en formato f\u00edsico.<\/p>\n\n\n\n<p style=\"text-align:justify\">El proyecto se\u00f1ala que los funcionarios deber\u00e1n velar por el uso adecuado del IFE, garantizar la autenticidad de los documentos y conservar la responsabilidad sobre la integridad de la firma. En caso de indisponibilidad de los sistemas inform\u00e1ticos de la DIAN se permitir\u00e1 el uso de firma manuscrita o digital.<\/p>\n\n\n\n<p style=\"text-align:justify\">LA DIAN recibir\u00e1 comentarios sobre este proyecto normativo hasta el 26 de mayo de 2025 por medio del siguiente <a href=\"https:\/\/forms.office.com\/r\/e7K3CMVvCW?origin=lprLink\">formulario<\/a>.<\/p>\n\n\n\n<p>Para m\u00e1s detalles, consulte el documento a continuaci\u00f3n.<\/p>\n\n\n\n<p>Ver: Proyecto de resoluci\u00f3n \u2013 Firma electr\u00f3nica funcionarios DIAN<\/p>\n\n\n\n<p style=\"text-align:justify\"><em>*\u201dPor la cual se adopta el instrumento de Firma Electr\u00f3nica (IFE), en cualquier tipo de documento generado en medios electr\u00f3nicos, que por disposici\u00f3n normativa deba ser firmado por los funcionarios de la Direcci\u00f3n de Impuestos y Aduanas Nacionales \u2013 DIAN\u201d.<\/em><\/p>\n\n\n\n<p><strong>Redacci\u00f3n INCP<\/strong><\/p>\n\n\n\n<hr class=\"wp-block-separator has-alpha-channel-opacity\"\/>\n","protected":false},"excerpt":{"rendered":"<p>&nbsp;&nbsp;&nbsp;\u00danete a nuestro canal de whatsapp La Direcci\u00f3n de Impuestos y Aduanas Nacionales (DIAN) public\u00f3 un proyecto de resoluci\u00f3n* mediante el cual propone adoptar el Instrumento de Firma Electr\u00f3nica (IFE) para la firma de sus actuaciones administrativas, con el fin garantizar mayor eficiencia, trazabilidad y seguridad jur\u00eddica de estos documentos generados por medios electr\u00f3nicos. El&hellip; <br \/> <a class=\"read-more\" href=\"https:\/\/incp.org.co\/agendatributariaincp\/noticias\/2025\/05\/dian-adoptaria-la-firma-electronica-en-sus-actos-administrativos\/\">Read more<\/a><\/p>\n","protected":false},"author":27935,"featured_media":3319,"comment_status":"open","ping_status":"open","sticky":false,"template":"","format":"standard","meta":{"footnotes":""},"categories":[13],"tags":[],"class_list":["post-3315","post","type-post","status-publish","format-standard","has-post-thumbnail","hentry","category-noticias"],"_links":{"self":[{"href":"https:\/\/incp.org.co\/agendatributariaincp\/wp-json\/wp\/v2\/posts\/3315","targetHints":{"allow":["GET"]}}],"collection":[{"href":"https:\/\/incp.org.co\/agendatributariaincp\/wp-json\/wp\/v2\/posts"}],"about":[{"href":"https:\/\/incp.org.co\/agendatributariaincp\/wp-json\/wp\/v2\/types\/post"}],"author":[{"embeddable":true,"href":"https:\/\/incp.org.co\/agendatributariaincp\/wp-json\/wp\/v2\/users\/27935"}],"replies":[{"embeddable":true,"href":"https:\/\/incp.org.co\/agendatributariaincp\/wp-json\/wp\/v2\/comments?post=3315"}],"version-history":[{"count":1,"href":"https:\/\/incp.org.co\/agendatributariaincp\/wp-json\/wp\/v2\/posts\/3315\/revisions"}],"predecessor-version":[{"id":3320,"href":"https:\/\/incp.org.co\/agendatributariaincp\/wp-json\/wp\/v2\/posts\/3315\/revisions\/3320"}],"wp:featuredmedia":[{"embeddable":true,"href":"https:\/\/incp.org.co\/agendatributariaincp\/wp-json\/wp\/v2\/media\/3319"}],"wp:attachment":[{"href":"https:\/\/incp.org.co\/agendatributariaincp\/wp-json\/wp\/v2\/media?parent=3315"}],"wp:term":[{"taxonomy":"category","embeddable":true,"href":"https:\/\/incp.org.co\/agendatributariaincp\/wp-json\/wp\/v2\/categories?post=3315"},{"taxonomy":"post_tag","embeddable":true,"href":"https:\/\/incp.org.co\/agendatributariaincp\/wp-json\/wp\/v2\/tags?post=3315"}],"curies":[{"name":"wp","href":"https:\/\/api.w.org\/{rel}","templated":true}]}}