{"id":3326,"date":"2025-05-29T11:13:00","date_gmt":"2025-05-29T16:13:00","guid":{"rendered":"https:\/\/incp.org.co\/agendatributariaincp\/?p=3326"},"modified":"2026-02-16T10:58:41","modified_gmt":"2026-02-16T15:58:41","slug":"comite-nacional-gremial-de-contadores-publicos-solicita-una-solucion-estructural-a-las-fallas-en-los-sistemas-de-la-dian","status":"publish","type":"post","link":"https:\/\/incp.org.co\/agendatributariaincp\/noticias\/2025\/05\/comite-nacional-gremial-de-contadores-publicos-solicita-una-solucion-estructural-a-las-fallas-en-los-sistemas-de-la-dian\/","title":{"rendered":"Comit\u00e9 Nacional Gremial de Contadores P\u00fablicos solicita una soluci\u00f3n estructural a las fallas en los sistemas de la DIAN"},"content":{"rendered":"\n<link href=\"https:\/\/cdnjs.cloudflare.com\/ajax\/libs\/font-awesome\/6.0.0-beta3\/css\/all.min.css\" rel=\"stylesheet\">\n<style> \n.container{\n  height: 200px;\n  position: relative;\n  border: 0px solid green;\n}\n\n.center{\n  margin: 0;\n  position: absolute;\n  top: 50%;\n  left: 50%;\n  -ms-transform: translate(-50%, -50%);\n  transform: translate(-50%, -50%);\n}\n.button {\n  background-color: #04AA6D;\n  border: none;\n  color: #04AA6D;;\n  padding: 16px 32px;\n  text-align: center;\n  text-decoration: none;\n  display: inline-block;\n  font-size: 16px;\n  margin: 4px 2px;\n  transition-duration: 0.4s;\n  cursor: pointer;\nborder-radius: 25px;\n}\n.button1 {\n  background-color: #04AA6D;\n  color: black; \n  border: 2px solid #04AA6D;\n}\n.button1:hover {\n  background-color: #04AA6D;;\n  color: white;\n}\n<\/style>\n<div class=\"container\">\n  <div class=\"center\">\n<a href=\"https:\/\/whatsapp.com\/channel\/0029Va8neTFCcW4h5pCJrM00\" target=\"_blank\" class=\"button button1\" rel=\"noopener\"> <i class=\"fa-brands fa-whatsapp\"><\/i>&nbsp;&nbsp;&nbsp;\u00danete a nuestro canal de whatsapp<\/a>\n <\/div>\n<\/div>\n\n\n\n\n<p style=\"text-align:justify\">El Comit\u00e9 Nacional Gremial de Contadores P\u00fablicos, del cual hace parte el Instituto Nacional de Contadores P\u00fablicos (INCP), solicit\u00f3 a los gremios econ\u00f3micos y empresariales del pa\u00eds, respaldar su solicitud de obtener una soluci\u00f3n estructural y definitiva frente a las fallas recurrentes en los sistemas inform\u00e1ticos de la Direcci\u00f3n de Impuestos y Aduanas Nacionales &#8211; DIAN.<\/p>\n\n\n\n<p style=\"text-align:justify\">Estas fallas, critico-persistentes en los periodos de alto flujo de vencimientos, dificultan el cumplimiento de las obligaciones tributarias por parte de los contribuyentes (responsables legales del cumplimiento) y generan alta presi\u00f3n y situaci\u00f3n de estr\u00e9s a sus asesores de confianza: los contadores p\u00fablicos.<\/p>\n\n\n\n<p style=\"text-align:justify\">Para el Comit\u00e9, el respaldo de los gremios es crucial, ya que son sus propios agremiados \u2014contribuyentes personas naturales y jur\u00eddicas\u2014 quienes enfrentan las consecuencias legales directas del incumplimiento fiscal, mientras los contadores p\u00fablicos, en su rol de asesores de confianza, asumen la presi\u00f3n operativa y emocional que generan estas fallas.<\/p>\n\n\n\n<p style=\"text-align:justify\">Asimismo, el Comit\u00e9 reiter\u00f3 la urgencia de garantizar la seguridad jur\u00eddica y equidad tributaria, pilares esenciales para fortalecer la confianza entre contribuyentes, profesionales contables y la administraci\u00f3n tributaria.<\/p>\n\n\n\n<p>Consulte el comunicado completo a continuaci\u00f3n:<\/p>\n\n\n\n<div style=\"position:relative;padding-top:max(60%,800px);height:0;width:100%\"><iframe allow=\"clipboard-write\" sandbox=\"allow-top-navigation allow-top-navigation-by-user-activation allow-downloads allow-scripts allow-same-origin allow-popups allow-modals allow-popups-to-escape-sandbox allow-forms\" allowfullscreen=\"true\" style=\"position:absolute;border:none;width:100%;height:100%;left:0;right:0;top:0;bottom:0;\" src=\"https:\/\/e.issuu.com\/embed.html?d=comunicado_cng&#038;u=incp\"><\/iframe><\/div>\n\n\n\n<div class=\"wp-block-file\"><a id=\"wp-block-file--media-d7316aeb-232d-4141-93ed-d48b00719587\" href=\"https:\/\/incp.org.co\/wp-content\/uploads\/2025\/05\/Comunicado-CNG.pdf\">Comunicado CNG<\/a><a href=\"https:\/\/incp.org.co\/wp-content\/uploads\/2025\/05\/Comunicado-CNG.pdf\" class=\"wp-block-file__button wp-element-button\" download aria-describedby=\"wp-block-file--media-d7316aeb-232d-4141-93ed-d48b00719587\">Descarga<\/a><\/div>\n\n\n\n<p><strong>Redacci\u00f3n INCP<\/strong><\/p>\n\n\n\n<hr class=\"wp-block-separator has-alpha-channel-opacity\"\/>\n","protected":false},"excerpt":{"rendered":"<p>&nbsp;&nbsp;&nbsp;\u00danete a nuestro canal de whatsapp El Comit\u00e9 Nacional Gremial de Contadores P\u00fablicos, del cual hace parte el Instituto Nacional de Contadores P\u00fablicos (INCP), solicit\u00f3 a los gremios econ\u00f3micos y empresariales del pa\u00eds, respaldar su solicitud de obtener una soluci\u00f3n estructural y definitiva frente a las fallas recurrentes en los sistemas inform\u00e1ticos de la Direcci\u00f3n&hellip; <br \/> <a class=\"read-more\" href=\"https:\/\/incp.org.co\/agendatributariaincp\/noticias\/2025\/05\/comite-nacional-gremial-de-contadores-publicos-solicita-una-solucion-estructural-a-las-fallas-en-los-sistemas-de-la-dian\/\">Read more<\/a><\/p>\n","protected":false},"author":27935,"featured_media":3335,"comment_status":"open","ping_status":"open","sticky":false,"template":"","format":"standard","meta":{"footnotes":""},"categories":[13],"tags":[],"class_list":["post-3326","post","type-post","status-publish","format-standard","has-post-thumbnail","hentry","category-noticias"],"_links":{"self":[{"href":"https:\/\/incp.org.co\/agendatributariaincp\/wp-json\/wp\/v2\/posts\/3326","targetHints":{"allow":["GET"]}}],"collection":[{"href":"https:\/\/incp.org.co\/agendatributariaincp\/wp-json\/wp\/v2\/posts"}],"about":[{"href":"https:\/\/incp.org.co\/agendatributariaincp\/wp-json\/wp\/v2\/types\/post"}],"author":[{"embeddable":true,"href":"https:\/\/incp.org.co\/agendatributariaincp\/wp-json\/wp\/v2\/users\/27935"}],"replies":[{"embeddable":true,"href":"https:\/\/incp.org.co\/agendatributariaincp\/wp-json\/wp\/v2\/comments?post=3326"}],"version-history":[{"count":1,"href":"https:\/\/incp.org.co\/agendatributariaincp\/wp-json\/wp\/v2\/posts\/3326\/revisions"}],"predecessor-version":[{"id":3336,"href":"https:\/\/incp.org.co\/agendatributariaincp\/wp-json\/wp\/v2\/posts\/3326\/revisions\/3336"}],"wp:featuredmedia":[{"embeddable":true,"href":"https:\/\/incp.org.co\/agendatributariaincp\/wp-json\/wp\/v2\/media\/3335"}],"wp:attachment":[{"href":"https:\/\/incp.org.co\/agendatributariaincp\/wp-json\/wp\/v2\/media?parent=3326"}],"wp:term":[{"taxonomy":"category","embeddable":true,"href":"https:\/\/incp.org.co\/agendatributariaincp\/wp-json\/wp\/v2\/categories?post=3326"},{"taxonomy":"post_tag","embeddable":true,"href":"https:\/\/incp.org.co\/agendatributariaincp\/wp-json\/wp\/v2\/tags?post=3326"}],"curies":[{"name":"wp","href":"https:\/\/api.w.org\/{rel}","templated":true}]}}