{"id":3342,"date":"2025-05-28T10:31:00","date_gmt":"2025-05-28T15:31:00","guid":{"rendered":"https:\/\/incp.org.co\/agendatributariaincp\/?p=3342"},"modified":"2026-02-16T10:58:46","modified_gmt":"2026-02-16T15:58:46","slug":"dian-declaro-nueva-contingencia-por-fallas-en-el-servicio-informatico-del-formulario-110","status":"publish","type":"post","link":"https:\/\/incp.org.co\/agendatributariaincp\/noticias\/2025\/05\/dian-declaro-nueva-contingencia-por-fallas-en-el-servicio-informatico-del-formulario-110\/","title":{"rendered":"DIAN declar\u00f3 nueva contingencia por fallas en el servicio inform\u00e1tico del formulario 110"},"content":{"rendered":"\n<link href=\"https:\/\/cdnjs.cloudflare.com\/ajax\/libs\/font-awesome\/6.0.0-beta3\/css\/all.min.css\" rel=\"stylesheet\">\n<style> \n.container{\n  height: 200px;\n  position: relative;\n  border: 0px solid green;\n}\n\n.center{\n  margin: 0;\n  position: absolute;\n  top: 50%;\n  left: 50%;\n  -ms-transform: translate(-50%, -50%);\n  transform: translate(-50%, -50%);\n}\n.button {\n  background-color: #04AA6D;\n  border: none;\n  color: #04AA6D;;\n  padding: 16px 32px;\n  text-align: center;\n  text-decoration: none;\n  display: inline-block;\n  font-size: 16px;\n  margin: 4px 2px;\n  transition-duration: 0.4s;\n  cursor: pointer;\nborder-radius: 25px;\n}\n.button1 {\n  background-color: #04AA6D;\n  color: black; \n  border: 2px solid #04AA6D;\n}\n.button1:hover {\n  background-color: #04AA6D;;\n  color: white;\n}\n<\/style>\n<div class=\"container\">\n  <div class=\"center\">\n<a href=\"https:\/\/whatsapp.com\/channel\/0029Va8neTFCcW4h5pCJrM00\" target=\"_blank\" class=\"button button1\" rel=\"noopener\"> <i class=\"fa-brands fa-whatsapp\"><\/i>&nbsp;&nbsp;&nbsp;\u00danete a nuestro canal de whatsapp<\/a>\n <\/div>\n<\/div>\n\n\n\n\n<p style=\"text-align:justify\">El 27 de mayo de 2025, la Direcci\u00f3n de Impuestos y Aduanas Nacionales (DIAN) declar\u00f3 contingencia por la indisponibilidad de su servicio inform\u00e1tico, asociada al formulario 110 &#8211; <em>Declaraci\u00f3n de renta y complementario para personas jur\u00eddicas y asimiladas y personas naturales y asimiladas no residentes y sucesiones il\u00edquidas de causantes no residentes o de ingresos y patrimonio para entidades obligadas a declarar.<\/em><\/p>\n\n\n\n<p style=\"text-align:justify\">La medida fue adoptada luego de presentarse fallas t\u00e9cnicas en el servidor de la DIAN entre las 8:00 p.m. del 26 de mayo y la 1:00 a.m. del 27 de mayo de 2025.<\/p>\n\n\n\n<p style=\"text-align:justify\">Esta contingencia aplica exclusivamente para los contribuyentes cuyo vencimiento para la presentaci\u00f3n del formulario 110 y del recibo oficial de pago 490 asociado a este, correspond\u00eda al lunes 26 de mayo de 2025.<\/p>\n\n\n\n<p style=\"text-align:justify\">As\u00ed pues, conforme al art\u00edculo 579-2 del Estatuto Tributario, los contribuyentes afectados podr\u00e1n presentar los formularios 110 y 490 hasta las 23:59 del mi\u00e9rcoles 28 de mayo de 2025 sin incurrir en sanci\u00f3n por extemporaneidad ni intereses moratorios.<\/p>\n\n\n\n<p>Para m\u00e1s detalles, consulte el documento a continuaci\u00f3n.<\/p>\n\n\n\n<p>Ver: <a href=\"https:\/\/incp.org.co\/wp-content\/uploads\/2025\/05\/Comunicado-57-DIAN.pdf\">Comunicado 057 &#8211; DIAN<\/a><\/p>\n\n\n\n<p><strong>Redacci\u00f3n INCP<\/strong><\/p>\n\n\n\n<hr class=\"wp-block-separator has-alpha-channel-opacity\"\/>\n\n\n\n<p><\/p>\n","protected":false},"excerpt":{"rendered":"<p>El 27 de mayo de 2025, la Direcci\u00f3n de Impuestos y Aduanas Nacionales (DIAN) declar\u00f3 contingencia por la indisponibilidad de su servicio inform\u00e1tico, asociada al formulario 110 &#8211; Declaraci\u00f3n de renta y <\/p>\n","protected":false},"author":27935,"featured_media":3343,"comment_status":"open","ping_status":"open","sticky":false,"template":"","format":"standard","meta":{"footnotes":""},"categories":[13],"tags":[],"class_list":["post-3342","post","type-post","status-publish","format-standard","has-post-thumbnail","hentry","category-noticias"],"_links":{"self":[{"href":"https:\/\/incp.org.co\/agendatributariaincp\/wp-json\/wp\/v2\/posts\/3342","targetHints":{"allow":["GET"]}}],"collection":[{"href":"https:\/\/incp.org.co\/agendatributariaincp\/wp-json\/wp\/v2\/posts"}],"about":[{"href":"https:\/\/incp.org.co\/agendatributariaincp\/wp-json\/wp\/v2\/types\/post"}],"author":[{"embeddable":true,"href":"https:\/\/incp.org.co\/agendatributariaincp\/wp-json\/wp\/v2\/users\/27935"}],"replies":[{"embeddable":true,"href":"https:\/\/incp.org.co\/agendatributariaincp\/wp-json\/wp\/v2\/comments?post=3342"}],"version-history":[{"count":1,"href":"https:\/\/incp.org.co\/agendatributariaincp\/wp-json\/wp\/v2\/posts\/3342\/revisions"}],"predecessor-version":[{"id":3344,"href":"https:\/\/incp.org.co\/agendatributariaincp\/wp-json\/wp\/v2\/posts\/3342\/revisions\/3344"}],"wp:featuredmedia":[{"embeddable":true,"href":"https:\/\/incp.org.co\/agendatributariaincp\/wp-json\/wp\/v2\/media\/3343"}],"wp:attachment":[{"href":"https:\/\/incp.org.co\/agendatributariaincp\/wp-json\/wp\/v2\/media?parent=3342"}],"wp:term":[{"taxonomy":"category","embeddable":true,"href":"https:\/\/incp.org.co\/agendatributariaincp\/wp-json\/wp\/v2\/categories?post=3342"},{"taxonomy":"post_tag","embeddable":true,"href":"https:\/\/incp.org.co\/agendatributariaincp\/wp-json\/wp\/v2\/tags?post=3342"}],"curies":[{"name":"wp","href":"https:\/\/api.w.org\/{rel}","templated":true}]}}