{"id":3345,"date":"2025-05-29T10:34:00","date_gmt":"2025-05-29T15:34:00","guid":{"rendered":"https:\/\/incp.org.co\/agendatributariaincp\/?p=3345"},"modified":"2026-02-16T10:58:44","modified_gmt":"2026-02-16T15:58:44","slug":"se-modificaron-las-tarifas-y-bases-minimas-de-retencion-y-autorretencion-por-renta","status":"publish","type":"post","link":"https:\/\/incp.org.co\/agendatributariaincp\/noticias\/2025\/05\/se-modificaron-las-tarifas-y-bases-minimas-de-retencion-y-autorretencion-por-renta\/","title":{"rendered":"Se modificaron las tarifas y bases m\u00ednimas de retenci\u00f3n y autorretenci\u00f3n por renta"},"content":{"rendered":"\n<link href=\"https:\/\/cdnjs.cloudflare.com\/ajax\/libs\/font-awesome\/6.0.0-beta3\/css\/all.min.css\" rel=\"stylesheet\">\n<style> \n.container{\n  height: 200px;\n  position: relative;\n  border: 0px solid green;\n}\n\n.center{\n  margin: 0;\n  position: absolute;\n  top: 50%;\n  left: 50%;\n  -ms-transform: translate(-50%, -50%);\n  transform: translate(-50%, -50%);\n}\n.button {\n  background-color: #04AA6D;\n  border: none;\n  color: #04AA6D;;\n  padding: 16px 32px;\n  text-align: center;\n  text-decoration: none;\n  display: inline-block;\n  font-size: 16px;\n  margin: 4px 2px;\n  transition-duration: 0.4s;\n  cursor: pointer;\nborder-radius: 25px;\n}\n.button1 {\n  background-color: #04AA6D;\n  color: black; \n  border: 2px solid #04AA6D;\n}\n.button1:hover {\n  background-color: #04AA6D;;\n  color: white;\n}\n<\/style>\n<div class=\"container\">\n  <div class=\"center\">\n<a href=\"https:\/\/whatsapp.com\/channel\/0029Va8neTFCcW4h5pCJrM00\" target=\"_blank\" class=\"button button1\" rel=\"noopener\"> <i class=\"fa-brands fa-whatsapp\"><\/i>&nbsp;&nbsp;&nbsp;\u00danete a nuestro canal de whatsapp<\/a>\n <\/div>\n<\/div>\n\n\n\n\n<p style=\"text-align:justify\">El Ministerio de Hacienda y Cr\u00e9dito P\u00fablico (MINHACIENDA) public\u00f3 el Decreto 0572 del 28 de mayo de 2025* por medio del cual sustituy\u00f3 diversos art\u00edculos del Decreto 1625 de 2016** relacionados con las tarifas de autorretenci\u00f3n y las bases m\u00ednimas para practicar retenci\u00f3n en la fuente del impuesto de renta.<\/p>\n\n\n\n<p>Esta norma, entre otras cosas, estableci\u00f3 lo siguiente:<\/p>\n\n\n\n<ul class=\"wp-block-list\">\n<li><p style=\"text-align:justify\">No se practicar\u00e1 retenci\u00f3n en la fuente por prestaci\u00f3n de servicios si el pago no supera dos Unidades de Valor Tributario (UVT).<\/p><\/li>\n\n\n\n<li><p style=\"text-align:justify\">Se sustituy\u00f3 la tarifa de autorretenedores, incorporando un nuevo listado por actividad econ\u00f3mica para los autorretenedores a los que se refiere el art\u00edculo 1.2.6.6. del Decreto 1625 de 2016.<\/p><\/li>\n\n\n\n<li><p style=\"text-align:justify\">En las compras de bienes agr\u00edcolas o pecuarios sin procesamiento industrial, y en las compras de caf\u00e9 pergamino tipo federaci\u00f3n, se aplicar\u00e1 una retenci\u00f3n del 1,5 % si el valor excede las 70 UVT.<\/p><\/li>\n\n\n\n<li><p style=\"text-align:justify\">Para compras de oro realizadas por sociedades de comercializaci\u00f3n internacional, se estableci\u00f3 una retenci\u00f3n del 2,5 %.<\/p><\/li>\n\n\n\n<li><p style=\"text-align:justify\">Se ajust\u00f3 la retenci\u00f3n en la fuente aplicable a la compra de bienes ra\u00edces. Cuando el inmueble est\u00e9 destinado a vivienda, se aplicar\u00e1 una tarifa del 1 % sobre el valor de la transacci\u00f3n hasta 10.000 UVT, y del 2,5 % sobre el valor que exceda dicho monto. Si el bien no se destina a vivienda, la tarifa aplicable ser\u00e1 del 2,5 % sobre el valor total.<\/p><\/li>\n\n\n\n<li><p style=\"text-align:justify\">No se practicar\u00e1 retenci\u00f3n en la fuente por concepto de emolumentos eclesi\u00e1sticos cuando el pago o abono en cuenta, en dinero o en especie, no supere las 10 UVT.<\/p><\/li>\n<\/ul>\n\n\n\n<p>Estas nuevas disposiciones regir\u00e1n a partir del 3 de junio de 2025.<\/p>\n\n\n\n<p>Para m\u00e1s detalles, consulte el documento a continuaci\u00f3n.<\/p>\n\n\n\n<p>Ver. <a href=\"https:\/\/incp.org.co\/wp-content\/uploads\/2025\/05\/Decreto-0572-de-2025-Minhacienda.pdf\">Decreto 0572 de 2025 &#8211; Minhacienda<\/a><\/p>\n\n\n\n<p style=\"text-align:justify\"><em>*\u201dPor el cual se sustituyen el art\u00edculo 1.2.4.4.1. del Cap\u00edtulo 4 del T\u00edtulo 4 de la Parte 2 del Libro 1, los art\u00edculos 1.2.4.6.7. a11. 2.4. 6. 9. del Cap\u00edtulo 6 del T\u00edtulo 4 de la Parte 2 del Libro 1, el inciso 3 y el literal i) del art\u00edculo 1.2.4. 9.1. del Cap\u00edtulo 9 del T\u00edtulo 4 de la Parte 2 del Libro 1, el art\u00edculo 1.2.4.10.8. del Cap\u00edtulo 10 del T\u00edtulo 4 de la Parte 2 del Libro 1 y el art\u00edculo 1. 2. 6. 8. del T\u00edtulo 6 de la Parte 2 del Libro 1 y se adiciona un par\u00e1grafo al art\u00edculo 1.2.4.2.83. del Capitulo 2 del T\u00edtulo 4 de la Parte 2 del Libro 1 del Decreto 1625 de 2016 \u00danico Reglamentario en Materia Tributaria, en lo relacionado con las tarifas de autorretenci\u00f3n y bases m\u00ednimas para practicar retenci\u00f3n en la fuente&#8221;.<\/em><\/p>\n\n\n\n<p><em>**\u201dPor medio del cual se expide el Decreto \u00danico Reglamentario en materia tributaria\u201d.<\/em><\/p>\n\n\n\n<p><strong>Redacci\u00f3n INCP<\/strong><\/p>\n","protected":false},"excerpt":{"rendered":"<p>El Ministerio de Hacienda y Cr\u00e9dito P\u00fablico (MINHACIENDA) public\u00f3 el Decreto 0572 del 28 de mayo de 2025* por medio del cual sustituy\u00f3 diversos art\u00edculos del Decreto 1625 de 2016** relacionados con las tarifas<\/p>\n","protected":false},"author":27935,"featured_media":3346,"comment_status":"open","ping_status":"open","sticky":false,"template":"","format":"standard","meta":{"footnotes":""},"categories":[13],"tags":[],"class_list":["post-3345","post","type-post","status-publish","format-standard","has-post-thumbnail","hentry","category-noticias"],"_links":{"self":[{"href":"https:\/\/incp.org.co\/agendatributariaincp\/wp-json\/wp\/v2\/posts\/3345","targetHints":{"allow":["GET"]}}],"collection":[{"href":"https:\/\/incp.org.co\/agendatributariaincp\/wp-json\/wp\/v2\/posts"}],"about":[{"href":"https:\/\/incp.org.co\/agendatributariaincp\/wp-json\/wp\/v2\/types\/post"}],"author":[{"embeddable":true,"href":"https:\/\/incp.org.co\/agendatributariaincp\/wp-json\/wp\/v2\/users\/27935"}],"replies":[{"embeddable":true,"href":"https:\/\/incp.org.co\/agendatributariaincp\/wp-json\/wp\/v2\/comments?post=3345"}],"version-history":[{"count":1,"href":"https:\/\/incp.org.co\/agendatributariaincp\/wp-json\/wp\/v2\/posts\/3345\/revisions"}],"predecessor-version":[{"id":3347,"href":"https:\/\/incp.org.co\/agendatributariaincp\/wp-json\/wp\/v2\/posts\/3345\/revisions\/3347"}],"wp:featuredmedia":[{"embeddable":true,"href":"https:\/\/incp.org.co\/agendatributariaincp\/wp-json\/wp\/v2\/media\/3346"}],"wp:attachment":[{"href":"https:\/\/incp.org.co\/agendatributariaincp\/wp-json\/wp\/v2\/media?parent=3345"}],"wp:term":[{"taxonomy":"category","embeddable":true,"href":"https:\/\/incp.org.co\/agendatributariaincp\/wp-json\/wp\/v2\/categories?post=3345"},{"taxonomy":"post_tag","embeddable":true,"href":"https:\/\/incp.org.co\/agendatributariaincp\/wp-json\/wp\/v2\/tags?post=3345"}],"curies":[{"name":"wp","href":"https:\/\/api.w.org\/{rel}","templated":true}]}}