{"id":3348,"date":"2025-06-04T10:35:00","date_gmt":"2025-06-04T15:35:00","guid":{"rendered":"https:\/\/incp.org.co\/agendatributariaincp\/?p=3348"},"modified":"2026-02-16T10:58:37","modified_gmt":"2026-02-16T15:58:37","slug":"se-reglamentaria-el-aporte-de-las-camaras-de-comercio-a-programas-del-gobierno","status":"publish","type":"post","link":"https:\/\/incp.org.co\/agendatributariaincp\/noticias\/2025\/06\/se-reglamentaria-el-aporte-de-las-camaras-de-comercio-a-programas-del-gobierno\/","title":{"rendered":"Se reglamentar\u00eda el aporte de las C\u00e1maras de Comercio a programas del Gobierno"},"content":{"rendered":"\n<link href=\"https:\/\/cdnjs.cloudflare.com\/ajax\/libs\/font-awesome\/6.0.0-beta3\/css\/all.min.css\" rel=\"stylesheet\">\n<style> \n.container{\n  height: 200px;\n  position: relative;\n  border: 0px solid green;\n}\n\n.center{\n  margin: 0;\n  position: absolute;\n  top: 50%;\n  left: 50%;\n  -ms-transform: translate(-50%, -50%);\n  transform: translate(-50%, -50%);\n}\n.button {\n  background-color: #04AA6D;\n  border: none;\n  color: #04AA6D;;\n  padding: 16px 32px;\n  text-align: center;\n  text-decoration: none;\n  display: inline-block;\n  font-size: 16px;\n  margin: 4px 2px;\n  transition-duration: 0.4s;\n  cursor: pointer;\nborder-radius: 25px;\n}\n.button1 {\n  background-color: #04AA6D;\n  color: black; \n  border: 2px solid #04AA6D;\n}\n.button1:hover {\n  background-color: #04AA6D;;\n  color: white;\n}\n<\/style>\n<div class=\"container\">\n  <div class=\"center\">\n<a href=\"https:\/\/whatsapp.com\/channel\/0029Va8neTFCcW4h5pCJrM00\" target=\"_blank\" class=\"button button1\" rel=\"noopener\"> <i class=\"fa-brands fa-whatsapp\"><\/i>&nbsp;&nbsp;&nbsp;\u00danete a nuestro canal de whatsapp<\/a>\n <\/div>\n<\/div>\n\n\n\n\n<p style=\"text-align:justify\">El Ministerio de Comercio, Industria y Turismo (MINCIT) public\u00f3 para comentarios un proyecto de decreto que propone reglamentar el art\u00edculo 98 de la Ley 2294 de 2023* sobre el aporte de las C\u00e1maras de Comercio a la financiaci\u00f3n de programas estrat\u00e9gicos del Gobierno Nacional.<\/p>\n\n\n\n<p style=\"text-align:justify\">Concretamente, el proyecto establecer\u00eda las condiciones, los porcentajes y procedimientos mediante los cuales las C\u00e1maras de Comercio deber\u00edan destinar parte de los recursos que administran \u2014provenientes de la prestaci\u00f3n de servicios p\u00fablicos delegados\u2014 al financiamiento de iniciativas enmarcadas en la pol\u00edtica de reindustrializaci\u00f3n, el fortalecimiento del turismo y el impulso al comercio exterior, en coordinaci\u00f3n con el MINCIT.<\/p>\n\n\n\n<p>Entre las principales disposiciones propuestas se encuentran:<\/p>\n\n\n\n<ul class=\"wp-block-list\">\n<li><p style=\"text-align:justify\">Un esquema progresivo de aportes, seg\u00fan el nivel de ingresos operacionales de cada C\u00e1mara de Comercio. Las entidades que superen el 1,1\u202f% del total de ingresos de la sumatoria de los ingresos de todas las C\u00e1maras, deber\u00e1n destinar al menos el 30\u202f% de sus recursos; las que se encuentren en rangos inferiores aportar\u00e1n entre el 1 % y el 20\u202f%.<\/p><\/li>\n\n\n\n<li><p style=\"text-align:justify\">La incorporaci\u00f3n de los programas definidos por el MINCIT en el plan anual de trabajo de cada C\u00e1mara, as\u00ed como la expedici\u00f3n de una circular anual con el detalle de los aportes esperados.<\/p><\/li>\n\n\n\n<li><p style=\"text-align:justify\">La posibilidad de celebrar convenios entre el MINCIT y las C\u00e1maras o con Confec\u00e1maras para la ejecuci\u00f3n de estos programas a nivel regional o nacional.<\/p><\/li>\n\n\n\n<li><p style=\"text-align:justify\">La habilitaci\u00f3n de alianzas de cooperaci\u00f3n entre C\u00e1maras para fortalecer la participaci\u00f3n de las entidades con menores ingresos.<\/p><\/li>\n\n\n\n<li><p style=\"text-align:justify\">La exclusi\u00f3n de los gastos administrativos de la funci\u00f3n registral de estos aportes, los cuales deber\u00e1n ser en dinero y rendir cuentas mediante mecanismos de seguimiento trimestral por parte del MINCIT.<\/p><\/li>\n<\/ul>\n\n\n\n<p style=\"text-align:justify\">Las partes interesadas podr\u00e1n enviar sus comentarios al proyecto hasta el 16 de junio por medio del correo electr\u00f3nico <a href=\"mailto:jgarzon@mincit.gov.co\">jgarzon@mincit.gov.co<\/a>.<\/p>\n\n\n\n<p>Para m\u00e1s detalles, consulte el documento a continuaci\u00f3n.<\/p>\n\n\n\n<p>Ver: <a href=\"https:\/\/incp.org.co\/wp-content\/uploads\/2025\/06\/Proyecto-de-decreto-\u2013-aportes-de-Camaras-de-Comercio-MINCIT.pdf\">Proyecto de decreto \u2013 aportes de C\u00e1maras de Comercio &#8211; MINCIT<\/a><\/p>\n\n\n\n<p><strong>Redacci\u00f3n INCP<\/strong><\/p>\n\n\n\n<p><em>*<\/em><em> \u201c<\/em><em>Por el cual se expide el plan nacional de desarrollo 2022- 2026 Colombia potencia mundial de la vida\u201d.<\/em><\/p>\n\n\n\n<hr class=\"wp-block-separator has-alpha-channel-opacity\"\/>\n","protected":false},"excerpt":{"rendered":"<p>El Ministerio de Comercio, Industria y Turismo (MINCIT) public\u00f3 para comentarios un proyecto de decreto que propone reglamentar el art\u00edculo 98 de la Ley 2294 de 2023* sobre el aporte de las C\u00e1maras de<\/p>\n","protected":false},"author":27935,"featured_media":3349,"comment_status":"open","ping_status":"open","sticky":false,"template":"","format":"standard","meta":{"footnotes":""},"categories":[13],"tags":[],"class_list":["post-3348","post","type-post","status-publish","format-standard","has-post-thumbnail","hentry","category-noticias"],"_links":{"self":[{"href":"https:\/\/incp.org.co\/agendatributariaincp\/wp-json\/wp\/v2\/posts\/3348","targetHints":{"allow":["GET"]}}],"collection":[{"href":"https:\/\/incp.org.co\/agendatributariaincp\/wp-json\/wp\/v2\/posts"}],"about":[{"href":"https:\/\/incp.org.co\/agendatributariaincp\/wp-json\/wp\/v2\/types\/post"}],"author":[{"embeddable":true,"href":"https:\/\/incp.org.co\/agendatributariaincp\/wp-json\/wp\/v2\/users\/27935"}],"replies":[{"embeddable":true,"href":"https:\/\/incp.org.co\/agendatributariaincp\/wp-json\/wp\/v2\/comments?post=3348"}],"version-history":[{"count":1,"href":"https:\/\/incp.org.co\/agendatributariaincp\/wp-json\/wp\/v2\/posts\/3348\/revisions"}],"predecessor-version":[{"id":3350,"href":"https:\/\/incp.org.co\/agendatributariaincp\/wp-json\/wp\/v2\/posts\/3348\/revisions\/3350"}],"wp:featuredmedia":[{"embeddable":true,"href":"https:\/\/incp.org.co\/agendatributariaincp\/wp-json\/wp\/v2\/media\/3349"}],"wp:attachment":[{"href":"https:\/\/incp.org.co\/agendatributariaincp\/wp-json\/wp\/v2\/media?parent=3348"}],"wp:term":[{"taxonomy":"category","embeddable":true,"href":"https:\/\/incp.org.co\/agendatributariaincp\/wp-json\/wp\/v2\/categories?post=3348"},{"taxonomy":"post_tag","embeddable":true,"href":"https:\/\/incp.org.co\/agendatributariaincp\/wp-json\/wp\/v2\/tags?post=3348"}],"curies":[{"name":"wp","href":"https:\/\/api.w.org\/{rel}","templated":true}]}}