{"id":3363,"date":"2025-06-11T11:36:00","date_gmt":"2025-06-11T16:36:00","guid":{"rendered":"https:\/\/incp.org.co\/agendatributariaincp\/?p=3363"},"modified":"2026-02-16T10:58:08","modified_gmt":"2026-02-16T15:58:08","slug":"hasta-el-30-de-junio-las-esal-podran-solicitar-su-permanencia-en-el-rte","status":"publish","type":"post","link":"https:\/\/incp.org.co\/agendatributariaincp\/noticias\/2025\/06\/hasta-el-30-de-junio-las-esal-podran-solicitar-su-permanencia-en-el-rte\/","title":{"rendered":"Hasta el 30 de junio las ESAL podr\u00e1n solicitar su permanencia en el RTE"},"content":{"rendered":"\n<link href=\"https:\/\/cdnjs.cloudflare.com\/ajax\/libs\/font-awesome\/6.0.0-beta3\/css\/all.min.css\" rel=\"stylesheet\">\n<style> \n.container{\n  height: 200px;\n  position: relative;\n  border: 0px solid green;\n}\n\n.center{\n  margin: 0;\n  position: absolute;\n  top: 50%;\n  left: 50%;\n  -ms-transform: translate(-50%, -50%);\n  transform: translate(-50%, -50%);\n}\n.button {\n  background-color: #04AA6D;\n  border: none;\n  color: #04AA6D;;\n  padding: 16px 32px;\n  text-align: center;\n  text-decoration: none;\n  display: inline-block;\n  font-size: 16px;\n  margin: 4px 2px;\n  transition-duration: 0.4s;\n  cursor: pointer;\nborder-radius: 25px;\n}\n.button1 {\n  background-color: #04AA6D;\n  color: black; \n  border: 2px solid #04AA6D;\n}\n.button1:hover {\n  background-color: #04AA6D;;\n  color: white;\n}\n<\/style>\n<div class=\"container\">\n  <div class=\"center\">\n<a href=\"https:\/\/whatsapp.com\/channel\/0029Va8neTFCcW4h5pCJrM00\" target=\"_blank\" class=\"button button1\" rel=\"noopener\"> <i class=\"fa-brands fa-whatsapp\"><\/i>&nbsp;&nbsp;&nbsp;\u00danete a nuestro canal de whatsapp<\/a>\n <\/div>\n<\/div>\n\n\n\n\n<p style=\"text-align:justify\">La Direcci\u00f3n de Impuestos y Aduanas Nacionales (DIAN) record\u00f3 que el pr\u00f3ximo 30 de junio de 2025 se vence el plazo para que cerca de 20.000 entidades sin \u00e1nimo de lucro (ESAL) presenten la solicitud para conservar su calificaci\u00f3n dentro del R\u00e9gimen Tributario Especial (RTE) para el a\u00f1o gravable 2025.<\/p>\n\n\n\n<p style=\"text-align:justify\">Recordemos que esta obligaci\u00f3n tambi\u00e9n aplica para las cooperativas constituidas durante 2024 y para las entidades calificadas o readmitidas en el RTE durante ese mismo a\u00f1o, incluso si la actualizaci\u00f3n del RUT se hizo en 2025.<\/p>\n\n\n\n<p style=\"text-align:justify\">La DIAN recomienda a los contribuyentes no dejar este tr\u00e1mite para el \u00faltimo momento y verificar previamente el cumplimiento de los requisitos. En su portal web est\u00e1n disponibles las gu\u00edas paso a paso y los documentos exigidos para completar exitosamente el proceso:<\/p>\n\n\n\n<ul class=\"wp-block-list\">\n<li>Gu\u00eda para la presentaci\u00f3n de solicitudes: <a href=\"https:\/\/www.dian.gov.co\/Prensa\/Aprendelo-en-un-DIAN-X3\/Paginas\/Presentacion-solicitudes-RTE.aspx\">Presentaci\u00f3n solicitudes RTE \u2013 DIAN<\/a><\/li>\n\n\n\n<li>Detalles sobre documentaci\u00f3n requerida: <a href=\"https:\/\/www.dian.gov.co\/impuestos\/sociedades\/Regimen-Tributario-Especial-RTE\/Actualizacion\/Paginas\/default.aspx\">Actualizaci\u00f3n RTE \u2013 DIAN<\/a><\/li>\n<\/ul>\n\n\n\n<p style=\"text-align:justify\">Las ESAL que no realicen la actualizaci\u00f3n en el plazo establecido podr\u00edan perder los beneficios tributarios que otorga el RTE.<\/p>\n\n\n\n<p>Ver: <a href=\"https:\/\/incp.org.co\/wp-content\/uploads\/2025\/06\/Comunicado-de-Prensa-No.-059-DIAN.pdf\">Comunicado de Prensa No. 059 &#8211; DIAN<\/a><\/p>\n\n\n\n<p><strong>Redacci\u00f3n INCP<\/strong><\/p>\n\n\n\n<hr class=\"wp-block-separator has-alpha-channel-opacity\"\/>\n","protected":false},"excerpt":{"rendered":"<p>La Direcci\u00f3n de Impuestos y Aduanas Nacionales (DIAN) record\u00f3 que el pr\u00f3ximo 30 de junio de 2025 se vence el plazo para que cerca de 20.000 entidades sin \u00e1nimo de lucro (ESAL)<\/p>\n","protected":false},"author":27935,"featured_media":3364,"comment_status":"open","ping_status":"open","sticky":false,"template":"","format":"standard","meta":{"footnotes":""},"categories":[13],"tags":[],"class_list":["post-3363","post","type-post","status-publish","format-standard","has-post-thumbnail","hentry","category-noticias"],"_links":{"self":[{"href":"https:\/\/incp.org.co\/agendatributariaincp\/wp-json\/wp\/v2\/posts\/3363","targetHints":{"allow":["GET"]}}],"collection":[{"href":"https:\/\/incp.org.co\/agendatributariaincp\/wp-json\/wp\/v2\/posts"}],"about":[{"href":"https:\/\/incp.org.co\/agendatributariaincp\/wp-json\/wp\/v2\/types\/post"}],"author":[{"embeddable":true,"href":"https:\/\/incp.org.co\/agendatributariaincp\/wp-json\/wp\/v2\/users\/27935"}],"replies":[{"embeddable":true,"href":"https:\/\/incp.org.co\/agendatributariaincp\/wp-json\/wp\/v2\/comments?post=3363"}],"version-history":[{"count":1,"href":"https:\/\/incp.org.co\/agendatributariaincp\/wp-json\/wp\/v2\/posts\/3363\/revisions"}],"predecessor-version":[{"id":3365,"href":"https:\/\/incp.org.co\/agendatributariaincp\/wp-json\/wp\/v2\/posts\/3363\/revisions\/3365"}],"wp:featuredmedia":[{"embeddable":true,"href":"https:\/\/incp.org.co\/agendatributariaincp\/wp-json\/wp\/v2\/media\/3364"}],"wp:attachment":[{"href":"https:\/\/incp.org.co\/agendatributariaincp\/wp-json\/wp\/v2\/media?parent=3363"}],"wp:term":[{"taxonomy":"category","embeddable":true,"href":"https:\/\/incp.org.co\/agendatributariaincp\/wp-json\/wp\/v2\/categories?post=3363"},{"taxonomy":"post_tag","embeddable":true,"href":"https:\/\/incp.org.co\/agendatributariaincp\/wp-json\/wp\/v2\/tags?post=3363"}],"curies":[{"name":"wp","href":"https:\/\/api.w.org\/{rel}","templated":true}]}}