{"id":3372,"date":"2025-06-12T11:51:00","date_gmt":"2025-06-12T16:51:00","guid":{"rendered":"https:\/\/incp.org.co\/agendatributariaincp\/?p=3372"},"modified":"2026-02-16T10:58:05","modified_gmt":"2026-02-16T15:58:05","slug":"se-ampliaria-el-acceso-a-la-informacion-del-rut-para-el-ejercicio-de-funciones-publicas","status":"publish","type":"post","link":"https:\/\/incp.org.co\/agendatributariaincp\/noticias\/2025\/06\/se-ampliaria-el-acceso-a-la-informacion-del-rut-para-el-ejercicio-de-funciones-publicas\/","title":{"rendered":"Se ampliar\u00eda el acceso a la informaci\u00f3n del RUT para el ejercicio de funciones p\u00fablicas"},"content":{"rendered":"\n<link href=\"https:\/\/cdnjs.cloudflare.com\/ajax\/libs\/font-awesome\/6.0.0-beta3\/css\/all.min.css\" rel=\"stylesheet\">\n<style> \n.container{\n  height: 200px;\n  position: relative;\n  border: 0px solid green;\n}\n\n.center{\n  margin: 0;\n  position: absolute;\n  top: 50%;\n  left: 50%;\n  -ms-transform: translate(-50%, -50%);\n  transform: translate(-50%, -50%);\n}\n.button {\n  background-color: #04AA6D;\n  border: none;\n  color: #04AA6D;;\n  padding: 16px 32px;\n  text-align: center;\n  text-decoration: none;\n  display: inline-block;\n  font-size: 16px;\n  margin: 4px 2px;\n  transition-duration: 0.4s;\n  cursor: pointer;\nborder-radius: 25px;\n}\n.button1 {\n  background-color: #04AA6D;\n  color: black; \n  border: 2px solid #04AA6D;\n}\n.button1:hover {\n  background-color: #04AA6D;;\n  color: white;\n}\n<\/style>\n<div class=\"container\">\n  <div class=\"center\">\n<a href=\"https:\/\/whatsapp.com\/channel\/0029Va8neTFCcW4h5pCJrM00\" target=\"_blank\" class=\"button button1\" rel=\"noopener\"> <i class=\"fa-brands fa-whatsapp\"><\/i>&nbsp;&nbsp;&nbsp;\u00danete a nuestro canal de whatsapp<\/a>\n <\/div>\n<\/div>\n\n\n\n\n<p style=\"text-align:justify\">El Ministerio de Hacienda y Cr\u00e9dito P\u00fablico (MINHACIENDA) public\u00f3 para comentarios un proyecto de decreto* mediante el cual se propone modificar el par\u00e1grafo 2 del art\u00edculo 1.6.1.2.5 del <em>Decreto 1625 de 2016**<\/em>, con el fin de ampliar el conjunto de datos del Registro \u00danico Tributario (RUT) que pueden ser compartidos con entidades p\u00fablicas y particulares que ejerzan funciones p\u00fablicas.<\/p>\n\n\n\n<p>La propuesta normativa establece que se podr\u00edan compartir los siguientes datos:<\/p>\n\n\n\n<ul class=\"wp-block-list\">\n<li>Informaci\u00f3n de identificaci\u00f3n: NIT, nombres, apellidos y raz\u00f3n social.<\/li>\n\n\n\n<li>Informaci\u00f3n de ubicaci\u00f3n: correo electr\u00f3nico, tel\u00e9fono, direcci\u00f3n, municipio, departamento y pa\u00eds.<\/li>\n\n\n\n<li>Informaci\u00f3n de clasificaci\u00f3n: actividad econ\u00f3mica (c\u00f3digos CIIU).<\/li>\n\n\n\n<li>Responsabilidades tributarias, con excepci\u00f3n de la relativa al impuesto al patrimonio.<\/li>\n<\/ul>\n\n\n\n<p style=\"text-align:justify\">MINHACIENDA recibir\u00e1 comentarios sobre este proyecto normativo hasta el 25 de junio de 2025 por medio del siguiente <a href=\"https:\/\/www.minhacienda.gov.co\/web\/forms\/shared\/-\/form\/2450283\">enlace<\/a>.<\/p>\n\n\n\n<p>Ver: <a href=\"https:\/\/incp.org.co\/wp-content\/uploads\/2025\/06\/Proyecto-de-decreto-RUT-funciones-publicas-MinHacienda.pdf\">Proyecto de decreto &#8211; RUT funciones p\u00fablicas &#8211; MinHacienda<\/a><\/p>\n\n\n\n<p style=\"text-align:justify\"><em>*\u201dPor el cual se modifica el par\u00e1grafo 2 del art\u00edculo 1.6.1.2.5. del Decreto 1625 de 2016, \u00danico Reglamentario en Materia Tributaria, en lo relacionado con la informaci\u00f3n del Registro \u00danico Tributario -RUT que puede ser compartida para el ejercicio de funciones p\u00fablicas\u201d.<\/em><strong><\/strong><\/p>\n\n\n\n<p><em>**\u201dPor medio del cual se expide el Decreto \u00danico Reglamentario en materia tributaria\u201d.<\/em><\/p>\n\n\n\n<p><strong>Redacci\u00f3n INCP<\/strong><\/p>\n\n\n\n<hr class=\"wp-block-separator has-alpha-channel-opacity\"\/>\n","protected":false},"excerpt":{"rendered":"<p>El Ministerio de Hacienda y Cr\u00e9dito P\u00fablico (MINHACIENDA) public\u00f3 para comentarios un proyecto de decreto* mediante el cual se propone modificar el par\u00e1grafo 2 del art\u00edculo 1.6.1.2.5 del Decreto 1625 de 2016<\/p>\n","protected":false},"author":27935,"featured_media":3373,"comment_status":"open","ping_status":"open","sticky":false,"template":"","format":"standard","meta":{"footnotes":""},"categories":[13],"tags":[],"class_list":["post-3372","post","type-post","status-publish","format-standard","has-post-thumbnail","hentry","category-noticias"],"_links":{"self":[{"href":"https:\/\/incp.org.co\/agendatributariaincp\/wp-json\/wp\/v2\/posts\/3372","targetHints":{"allow":["GET"]}}],"collection":[{"href":"https:\/\/incp.org.co\/agendatributariaincp\/wp-json\/wp\/v2\/posts"}],"about":[{"href":"https:\/\/incp.org.co\/agendatributariaincp\/wp-json\/wp\/v2\/types\/post"}],"author":[{"embeddable":true,"href":"https:\/\/incp.org.co\/agendatributariaincp\/wp-json\/wp\/v2\/users\/27935"}],"replies":[{"embeddable":true,"href":"https:\/\/incp.org.co\/agendatributariaincp\/wp-json\/wp\/v2\/comments?post=3372"}],"version-history":[{"count":1,"href":"https:\/\/incp.org.co\/agendatributariaincp\/wp-json\/wp\/v2\/posts\/3372\/revisions"}],"predecessor-version":[{"id":3374,"href":"https:\/\/incp.org.co\/agendatributariaincp\/wp-json\/wp\/v2\/posts\/3372\/revisions\/3374"}],"wp:featuredmedia":[{"embeddable":true,"href":"https:\/\/incp.org.co\/agendatributariaincp\/wp-json\/wp\/v2\/media\/3373"}],"wp:attachment":[{"href":"https:\/\/incp.org.co\/agendatributariaincp\/wp-json\/wp\/v2\/media?parent=3372"}],"wp:term":[{"taxonomy":"category","embeddable":true,"href":"https:\/\/incp.org.co\/agendatributariaincp\/wp-json\/wp\/v2\/categories?post=3372"},{"taxonomy":"post_tag","embeddable":true,"href":"https:\/\/incp.org.co\/agendatributariaincp\/wp-json\/wp\/v2\/tags?post=3372"}],"curies":[{"name":"wp","href":"https:\/\/api.w.org\/{rel}","templated":true}]}}