{"id":3375,"date":"2025-06-13T12:00:00","date_gmt":"2025-06-13T17:00:00","guid":{"rendered":"https:\/\/incp.org.co\/agendatributariaincp\/?p=3375"},"modified":"2026-02-16T10:53:18","modified_gmt":"2026-02-16T15:53:18","slug":"contraloria-alerta-sobre-riesgos-fiscales-por-bajo-recaudo-y-ejecucion-presupuestal","status":"publish","type":"post","link":"https:\/\/incp.org.co\/agendatributariaincp\/noticias\/2025\/06\/contraloria-alerta-sobre-riesgos-fiscales-por-bajo-recaudo-y-ejecucion-presupuestal\/","title":{"rendered":"Contralor\u00eda alerta sobre riesgos fiscales por bajo recaudo y ejecuci\u00f3n presupuestal"},"content":{"rendered":"\n<link href=\"https:\/\/cdnjs.cloudflare.com\/ajax\/libs\/font-awesome\/6.0.0-beta3\/css\/all.min.css\" rel=\"stylesheet\">\n<style> \n.container{\n  height: 200px;\n  position: relative;\n  border: 0px solid green;\n}\n\n.center{\n  margin: 0;\n  position: absolute;\n  top: 50%;\n  left: 50%;\n  -ms-transform: translate(-50%, -50%);\n  transform: translate(-50%, -50%);\n}\n.button {\n  background-color: #04AA6D;\n  border: none;\n  color: #04AA6D;;\n  padding: 16px 32px;\n  text-align: center;\n  text-decoration: none;\n  display: inline-block;\n  font-size: 16px;\n  margin: 4px 2px;\n  transition-duration: 0.4s;\n  cursor: pointer;\nborder-radius: 25px;\n}\n.button1 {\n  background-color: #04AA6D;\n  color: black; \n  border: 2px solid #04AA6D;\n}\n.button1:hover {\n  background-color: #04AA6D;;\n  color: white;\n}\n<\/style>\n<div class=\"container\">\n  <div class=\"center\">\n<a href=\"https:\/\/whatsapp.com\/channel\/0029Va8neTFCcW4h5pCJrM00\" target=\"_blank\" class=\"button button1\" rel=\"noopener\"> <i class=\"fa-brands fa-whatsapp\"><\/i>&nbsp;&nbsp;&nbsp;\u00danete a nuestro canal de whatsapp<\/a>\n <\/div>\n<\/div>\n\n\n\n\n<p style=\"text-align:justify\">La Contralor\u00eda General de la Rep\u00fablica advirti\u00f3 que, si no se mejoran los niveles de recaudo tributario, el Gobierno Nacional podr\u00eda verse obligado a recortar el presupuesto de 2025, afectando la ejecuci\u00f3n de megaproyectos estrat\u00e9gicos.<\/p>\n\n\n\n<p style=\"text-align:justify\">Durante su intervenci\u00f3n en la 59\u00aa Convenci\u00f3n Bancaria, el contralor Carlos Hern\u00e1n Rodr\u00edguez se\u00f1al\u00f3 que, al 31 de mayo, la ejecuci\u00f3n del presupuesto apenas alcanza un 30,5&nbsp;%, y la inversi\u00f3n p\u00fablica un 19,3&nbsp;%, lo que evidencia deficiencias en el seguimiento del gasto.<\/p>\n\n\n\n<p style=\"text-align:justify\">El \u00f3rgano de control tambi\u00e9n alert\u00f3 sobre los riesgos del <a href=\"https:\/\/incp.org.co\/publicaciones\/infoincp-publicaciones\/impuestos\/2025\/05\/se-modificaron-las-tarifas-y-bases-minimas-de-retencion-y-autorretencion-por-renta\/\">Decreto 0572 de 2025<\/a>*, el cual anticipa el cobro de la retenci\u00f3n en la fuente para los contribuyentes del impuesto de renta. Seg\u00fan el contralor, aunque esta medida podr\u00eda mejorar el recaudo de 2025, tambi\u00e9n es probable que comprometa las metas proyectadas para 2026, si no se considera adecuadamente su impacto fiscal.<\/p>\n\n\n\n<p style=\"text-align:justify\">En cuanto al seguimiento permanente a la DIAN, la Contralor\u00eda realiz\u00f3 revisiones dentro de la administraci\u00f3n tributaria, en las cuales identific\u00f3 inconsistencias en declaraciones tributarias y aduaneras, operaciones sospechosas con criptomonedas y empresas no reguladas, adem\u00e1s de problemas en la trazabilidad de grandes contribuyentes.<\/p>\n\n\n\n<p style=\"text-align:justify\">Rodr\u00edguez tambi\u00e9n alert\u00f3 sobre la meta de recaudo fijada para 2025, que prev\u00e9 un crecimiento del 22,5&nbsp;%, cifra que contrasta con el crecimiento nominal esperado de 6&nbsp;%. Para lograr este objetivo, la DIAN requerir\u00eda obtener $40 billones adicionales. Ante esto, la Contralor\u00eda se\u00f1al\u00f3 como ambiciosa dicha meta.<\/p>\n\n\n\n<p style=\"text-align:justify\">Finalmente, la entidad anunci\u00f3 la implementaci\u00f3n de un sistema de alertas sobre contrataci\u00f3n preelectoral, con \u00e9nfasis en convenios interadministrativos entre el Gobierno y entidades territoriales, para prevenir el uso indebido de recursos en campa\u00f1as pol\u00edticas.<\/p>\n\n\n\n<p style=\"text-align:justify\"><em>*\u201dPor el cual se sustituyen el art\u00edculo 1.2.4.4.1. del Cap\u00edtulo 4 del T\u00edtulo 4 de la Parte 2 del Libro 1, los art\u00edculos 1.2.4.6.7. a11. 2.4. 6. 9. del Cap\u00edtulo 6 del T\u00edtulo 4 de la Parte 2 del Libro 1, el inciso 3 y el literal i) del art\u00edculo 1.2.4. 9.1. del Cap\u00edtulo 9 del T\u00edtulo 4 de la Parte 2 del Libro 1, el art\u00edculo 1.2.4.10.8. del Cap\u00edtulo 10 del T\u00edtulo 4 de la Parte 2 del Libro 1 y el art\u00edculo 1. 2. 6. 8. del T\u00edtulo 6 de la Parte 2 del Libro 1 y se adiciona un par\u00e1grafo al art\u00edculo 1.2.4.2.83. del Cap\u00edtulo 2 del T\u00edtulo 4 de la Parte 2 del Libro 1 del Decreto 1625 de 2016 \u00danico Reglamentario en Materia Tributaria, en lo relacionado con las tarifas de autorretenci\u00f3n y bases m\u00ednimas para practicar retenci\u00f3n en la fuente\u201d.<\/em><\/p>\n\n\n\n<p><strong>Redacci\u00f3n INCP<\/strong><\/p>\n\n\n\n<hr class=\"wp-block-separator has-alpha-channel-opacity\"\/>\n","protected":false},"excerpt":{"rendered":"<p>La Contralor\u00eda General de la Rep\u00fablica advirti\u00f3 que, si no se mejoran los niveles de recaudo tributario, el Gobierno Nacional podr\u00eda verse obligado a recortar el presupuesto de 2025, afectando la ejecuci\u00f3n<\/p>\n","protected":false},"author":27935,"featured_media":3376,"comment_status":"open","ping_status":"open","sticky":false,"template":"","format":"standard","meta":{"footnotes":""},"categories":[13],"tags":[],"class_list":["post-3375","post","type-post","status-publish","format-standard","has-post-thumbnail","hentry","category-noticias"],"_links":{"self":[{"href":"https:\/\/incp.org.co\/agendatributariaincp\/wp-json\/wp\/v2\/posts\/3375","targetHints":{"allow":["GET"]}}],"collection":[{"href":"https:\/\/incp.org.co\/agendatributariaincp\/wp-json\/wp\/v2\/posts"}],"about":[{"href":"https:\/\/incp.org.co\/agendatributariaincp\/wp-json\/wp\/v2\/types\/post"}],"author":[{"embeddable":true,"href":"https:\/\/incp.org.co\/agendatributariaincp\/wp-json\/wp\/v2\/users\/27935"}],"replies":[{"embeddable":true,"href":"https:\/\/incp.org.co\/agendatributariaincp\/wp-json\/wp\/v2\/comments?post=3375"}],"version-history":[{"count":1,"href":"https:\/\/incp.org.co\/agendatributariaincp\/wp-json\/wp\/v2\/posts\/3375\/revisions"}],"predecessor-version":[{"id":3377,"href":"https:\/\/incp.org.co\/agendatributariaincp\/wp-json\/wp\/v2\/posts\/3375\/revisions\/3377"}],"wp:featuredmedia":[{"embeddable":true,"href":"https:\/\/incp.org.co\/agendatributariaincp\/wp-json\/wp\/v2\/media\/3376"}],"wp:attachment":[{"href":"https:\/\/incp.org.co\/agendatributariaincp\/wp-json\/wp\/v2\/media?parent=3375"}],"wp:term":[{"taxonomy":"category","embeddable":true,"href":"https:\/\/incp.org.co\/agendatributariaincp\/wp-json\/wp\/v2\/categories?post=3375"},{"taxonomy":"post_tag","embeddable":true,"href":"https:\/\/incp.org.co\/agendatributariaincp\/wp-json\/wp\/v2\/tags?post=3375"}],"curies":[{"name":"wp","href":"https:\/\/api.w.org\/{rel}","templated":true}]}}