{"id":3378,"date":"2025-06-13T12:02:00","date_gmt":"2025-06-13T17:02:00","guid":{"rendered":"https:\/\/incp.org.co\/agendatributariaincp\/?p=3378"},"modified":"2026-02-16T10:53:17","modified_gmt":"2026-02-16T15:53:17","slug":"cuales-son-los-efectos-juridicos-de-las-declaraciones-presentadas-durante-contingencias-tecnologicas","status":"publish","type":"post","link":"https:\/\/incp.org.co\/agendatributariaincp\/noticias\/2025\/06\/cuales-son-los-efectos-juridicos-de-las-declaraciones-presentadas-durante-contingencias-tecnologicas\/","title":{"rendered":"\u00bfCu\u00e1les son los efectos jur\u00eddicos de las declaraciones presentadas durante contingencias tecnol\u00f3gicas?"},"content":{"rendered":"\n<link href=\"https:\/\/cdnjs.cloudflare.com\/ajax\/libs\/font-awesome\/6.0.0-beta3\/css\/all.min.css\" rel=\"stylesheet\">\n<style> \n.container{\n  height: 200px;\n  position: relative;\n  border: 0px solid green;\n}\n\n.center{\n  margin: 0;\n  position: absolute;\n  top: 50%;\n  left: 50%;\n  -ms-transform: translate(-50%, -50%);\n  transform: translate(-50%, -50%);\n}\n.button {\n  background-color: #04AA6D;\n  border: none;\n  color: #04AA6D;;\n  padding: 16px 32px;\n  text-align: center;\n  text-decoration: none;\n  display: inline-block;\n  font-size: 16px;\n  margin: 4px 2px;\n  transition-duration: 0.4s;\n  cursor: pointer;\nborder-radius: 25px;\n}\n.button1 {\n  background-color: #04AA6D;\n  color: black; \n  border: 2px solid #04AA6D;\n}\n.button1:hover {\n  background-color: #04AA6D;;\n  color: white;\n}\n<\/style>\n<div class=\"container\">\n  <div class=\"center\">\n<a href=\"https:\/\/whatsapp.com\/channel\/0029Va8neTFCcW4h5pCJrM00\" target=\"_blank\" class=\"button button1\" rel=\"noopener\"> <i class=\"fa-brands fa-whatsapp\"><\/i>&nbsp;&nbsp;&nbsp;\u00danete a nuestro canal de whatsapp<\/a>\n <\/div>\n<\/div>\n\n\n\n\n<p style=\"text-align:justify\">Mediante el Concepto 008344 del 28 de mayo de 2025, la Direcci\u00f3n de Impuestos y Aduanas Nacionales (DIAN) se refiri\u00f3 a los criterios de validez de las declaraciones tributarias presentadas durante los per\u00edodos de indisponibilidad de sus servicios inform\u00e1ticos, de acuerdo con lo estipulado en el art\u00edculo 579-2 del Estatuto Tributario (ET). Esta doctrina se expidi\u00f3 como consecuencia de las contingencias ocurridas entre el 12 y 27 de mayo de 2025.<\/p>\n\n\n\n<p>La administraci\u00f3n tributaria textualmente aclar\u00f3, entre otros asuntos, los siguientes puntos:<\/p>\n\n\n\n<ol class=\"wp-block-list\">\n<li>\u00a0<strong>Validez de las declaraciones<\/strong><\/li>\n<\/ol>\n\n\n\n<p style=\"text-align:justify\">&#8220;Las declaraciones tributarias correspondientes a obligaciones con vencimiento durante la contingencia tecnol\u00f3gica conservan plena validez legal, siempre que se hayan presentado por los canales dispuestos&nbsp;por&nbsp;la&nbsp;DIAN&#8221;.<\/p>\n\n\n\n<ul class=\"wp-block-list\">\n<li><strong>Extemporaneidad<\/strong><\/li>\n<\/ul>\n\n\n\n<p style=\"text-align:justify\">&#8220;En los casos que el vencimiento para presentar la declaraci\u00f3n haya ocurrido antes de la declaratoria de contingencia t\u00e9cnica por la DIAN y esta obligaci\u00f3n se cumpli\u00f3 durante este periodo se configur\u00f3 la sanci\u00f3n de extemporaneidad y los consecuentes intereses moratorios&#8221;.<\/p>\n\n\n\n<ul class=\"wp-block-list\">\n<li><strong>Correcci\u00f3n sin sanci\u00f3n<\/strong><\/li>\n<\/ul>\n\n\n\n<p style=\"text-align:justify\">Los contribuyentes s\u00ed pueden &#8220;corregir la declaraci\u00f3n sin pagar sanci\u00f3n de correcci\u00f3n cuando la declaraci\u00f3n de correcci\u00f3n se presenta antes de la fecha del vencimiento para declarar y esta se encuentra dentro de la declaratoria de contingencia t\u00e9cnica (\u2026) dado que, ante una indisponibilidad de los sistemas electr\u00f3nicos de la DIAN, el art\u00edculo 579-2 del ET., ampl\u00eda los vencimientos a m\u00e1s tardar al d\u00eda h\u00e1bil siguiente al restablecimiento de los servicios&#8221;.<\/p>\n\n\n\n<ul class=\"wp-block-list\">\n<li><strong>Firmeza de declaraciones<\/strong><\/li>\n<\/ul>\n\n\n\n<p style=\"text-align:justify\">Las declaraciones tributarias presentadas dentro del plazo por indisponibilidad de los servicios inform\u00e1ticos electr\u00f3nicos est\u00e1n sujetas a las mismas reglas de firmeza que establece el Estatuto Tributario para cualquier declaraci\u00f3n, con las salvedades del beneficio de auditor\u00eda si \u00e9ste resulta&nbsp;aplicable&#8221;.<\/p>\n\n\n\n<p>Para m\u00e1s detalles, consulte el documento a continuaci\u00f3n.<\/p>\n\n\n\n<p>Ver: <a href=\"https:\/\/incp.org.co\/wp-content\/uploads\/2025\/06\/Concepto-008344-de-2025-DIAN.pdf\">Concepto 008344 de 2025 &#8211; DIAN<\/a><\/p>\n\n\n\n<p><strong>Redacci\u00f3n INCP<\/strong><\/p>\n\n\n\n<hr class=\"wp-block-separator has-alpha-channel-opacity\"\/>\n\n\n\n<p><\/p>\n","protected":false},"excerpt":{"rendered":"<p>Mediante el Concepto 008344 del 28 de mayo de 2025, la Direcci\u00f3n de Impuestos y Aduanas Nacionales (DIAN) se refiri\u00f3 a los criterios de validez de las declaraciones tributarias presentadas durante<\/p>\n","protected":false},"author":27935,"featured_media":3379,"comment_status":"open","ping_status":"open","sticky":false,"template":"","format":"standard","meta":{"footnotes":""},"categories":[13],"tags":[],"class_list":["post-3378","post","type-post","status-publish","format-standard","has-post-thumbnail","hentry","category-noticias"],"_links":{"self":[{"href":"https:\/\/incp.org.co\/agendatributariaincp\/wp-json\/wp\/v2\/posts\/3378","targetHints":{"allow":["GET"]}}],"collection":[{"href":"https:\/\/incp.org.co\/agendatributariaincp\/wp-json\/wp\/v2\/posts"}],"about":[{"href":"https:\/\/incp.org.co\/agendatributariaincp\/wp-json\/wp\/v2\/types\/post"}],"author":[{"embeddable":true,"href":"https:\/\/incp.org.co\/agendatributariaincp\/wp-json\/wp\/v2\/users\/27935"}],"replies":[{"embeddable":true,"href":"https:\/\/incp.org.co\/agendatributariaincp\/wp-json\/wp\/v2\/comments?post=3378"}],"version-history":[{"count":1,"href":"https:\/\/incp.org.co\/agendatributariaincp\/wp-json\/wp\/v2\/posts\/3378\/revisions"}],"predecessor-version":[{"id":3380,"href":"https:\/\/incp.org.co\/agendatributariaincp\/wp-json\/wp\/v2\/posts\/3378\/revisions\/3380"}],"wp:featuredmedia":[{"embeddable":true,"href":"https:\/\/incp.org.co\/agendatributariaincp\/wp-json\/wp\/v2\/media\/3379"}],"wp:attachment":[{"href":"https:\/\/incp.org.co\/agendatributariaincp\/wp-json\/wp\/v2\/media?parent=3378"}],"wp:term":[{"taxonomy":"category","embeddable":true,"href":"https:\/\/incp.org.co\/agendatributariaincp\/wp-json\/wp\/v2\/categories?post=3378"},{"taxonomy":"post_tag","embeddable":true,"href":"https:\/\/incp.org.co\/agendatributariaincp\/wp-json\/wp\/v2\/tags?post=3378"}],"curies":[{"name":"wp","href":"https:\/\/api.w.org\/{rel}","templated":true}]}}