{"id":3384,"date":"2025-06-18T12:05:00","date_gmt":"2025-06-18T17:05:00","guid":{"rendered":"https:\/\/incp.org.co\/agendatributariaincp\/?p=3384"},"modified":"2026-02-16T10:53:12","modified_gmt":"2026-02-16T15:53:12","slug":"contralor-general-hace-un-llamado-a-modernizar-el-sistema-tributario-colombiano","status":"publish","type":"post","link":"https:\/\/incp.org.co\/agendatributariaincp\/noticias\/2025\/06\/contralor-general-hace-un-llamado-a-modernizar-el-sistema-tributario-colombiano\/","title":{"rendered":"Contralor General hace un llamado a modernizar el sistema tributario colombiano"},"content":{"rendered":"\n<link href=\"https:\/\/cdnjs.cloudflare.com\/ajax\/libs\/font-awesome\/6.0.0-beta3\/css\/all.min.css\" rel=\"stylesheet\">\n<style> \n.container{\n  height: 200px;\n  position: relative;\n  border: 0px solid green;\n}\n\n.center{\n  margin: 0;\n  position: absolute;\n  top: 50%;\n  left: 50%;\n  -ms-transform: translate(-50%, -50%);\n  transform: translate(-50%, -50%);\n}\n.button {\n  background-color: #04AA6D;\n  border: none;\n  color: #04AA6D;;\n  padding: 16px 32px;\n  text-align: center;\n  text-decoration: none;\n  display: inline-block;\n  font-size: 16px;\n  margin: 4px 2px;\n  transition-duration: 0.4s;\n  cursor: pointer;\nborder-radius: 25px;\n}\n.button1 {\n  background-color: #04AA6D;\n  color: black; \n  border: 2px solid #04AA6D;\n}\n.button1:hover {\n  background-color: #04AA6D;;\n  color: white;\n}\n<\/style>\n<div class=\"container\">\n  <div class=\"center\">\n<a href=\"https:\/\/whatsapp.com\/channel\/0029Va8neTFCcW4h5pCJrM00\" target=\"_blank\" class=\"button button1\" rel=\"noopener\"> <i class=\"fa-brands fa-whatsapp\"><\/i>&nbsp;&nbsp;&nbsp;\u00danete a nuestro canal de whatsapp<\/a>\n <\/div>\n<\/div>\n\n\n\n\n<p style=\"text-align:justify\">El Contralor General de la Rep\u00fablica, Carlos Hern\u00e1n Rodr\u00edguez Becerra, solicit\u00f3 al Gobierno Nacional revisar profundamente el sistema tributario colombiano, ya que presenta problemas estructurales persistentes como la evasi\u00f3n, la informalidad, la regresividad, las fallas tecnol\u00f3gicas y la inestabilidad institucional.<\/p>\n\n\n\n<p style=\"text-align:justify\">Durante el lanzamiento de la edici\u00f3n 375 de la revista \u2018<em>Econom\u00eda Colombiana\u2019<\/em> de la Contralor\u00eda, Rodr\u00edguez advirti\u00f3 que la entidad no apoya hacer nuevas reformas tributarias, porque es reconocer que no se est\u00e1n manejando con seriedad las finanzas p\u00fablicas.<\/p>\n\n\n\n<p style=\"text-align:justify\">El contralor alert\u00f3 sobre las consecuencias del incumplimiento en las metas de recaudo. Por ejemplo, en la vigencia anterior, la Direcci\u00f3n de Impuestos y Aduanas Nacionales (DIAN) solo alcanz\u00f3 el 85,4 % de la meta, lo cual conllev\u00f3 a realizar recortes presupuestales por $ 28 billones y limit\u00f3 la ejecuci\u00f3n al 83 % de los recursos programados.<\/p>\n\n\n\n<p style=\"text-align:justify\">Tambi\u00e9n expres\u00f3 su preocupaci\u00f3n por las recientes decisiones fiscales, tales como el anticipo del impuesto sobre la renta de 2026 a 2025, la suspensi\u00f3n de la regla fiscal y un recorte presupuestal adicional que genera un desbalance cercano a los $ 12 billones. Estas medidas las calific\u00f3 como \u201cun c\u00f3ctel demasiado peligroso\u201d para la estabilidad fiscal.<\/p>\n\n\n\n<p>Para m\u00e1s detalles, consulte el documento a continuaci\u00f3n.<\/p>\n\n\n\n<p>Ver: <a href=\"https:\/\/incp.org.co\/wp-content\/uploads\/2025\/06\/Comunicado-Contraloria.pdf\">Comunicado &#8211; Contralor\u00eda<\/a><\/p>\n\n\n\n<p><strong>Redacci\u00f3n INCP<\/strong><\/p>\n\n\n\n<hr class=\"wp-block-separator has-alpha-channel-opacity\"\/>\n","protected":false},"excerpt":{"rendered":"<p>El Contralor General de la Rep\u00fablica, Carlos Hern\u00e1n Rodr\u00edguez Becerra, solicit\u00f3 al Gobierno Nacional revisar profundamente el sistema tributario colombiano, ya que presenta problemas estructurales<\/p>\n","protected":false},"author":27935,"featured_media":3385,"comment_status":"open","ping_status":"open","sticky":false,"template":"","format":"standard","meta":{"footnotes":""},"categories":[13],"tags":[],"class_list":["post-3384","post","type-post","status-publish","format-standard","has-post-thumbnail","hentry","category-noticias"],"_links":{"self":[{"href":"https:\/\/incp.org.co\/agendatributariaincp\/wp-json\/wp\/v2\/posts\/3384","targetHints":{"allow":["GET"]}}],"collection":[{"href":"https:\/\/incp.org.co\/agendatributariaincp\/wp-json\/wp\/v2\/posts"}],"about":[{"href":"https:\/\/incp.org.co\/agendatributariaincp\/wp-json\/wp\/v2\/types\/post"}],"author":[{"embeddable":true,"href":"https:\/\/incp.org.co\/agendatributariaincp\/wp-json\/wp\/v2\/users\/27935"}],"replies":[{"embeddable":true,"href":"https:\/\/incp.org.co\/agendatributariaincp\/wp-json\/wp\/v2\/comments?post=3384"}],"version-history":[{"count":1,"href":"https:\/\/incp.org.co\/agendatributariaincp\/wp-json\/wp\/v2\/posts\/3384\/revisions"}],"predecessor-version":[{"id":3386,"href":"https:\/\/incp.org.co\/agendatributariaincp\/wp-json\/wp\/v2\/posts\/3384\/revisions\/3386"}],"wp:featuredmedia":[{"embeddable":true,"href":"https:\/\/incp.org.co\/agendatributariaincp\/wp-json\/wp\/v2\/media\/3385"}],"wp:attachment":[{"href":"https:\/\/incp.org.co\/agendatributariaincp\/wp-json\/wp\/v2\/media?parent=3384"}],"wp:term":[{"taxonomy":"category","embeddable":true,"href":"https:\/\/incp.org.co\/agendatributariaincp\/wp-json\/wp\/v2\/categories?post=3384"},{"taxonomy":"post_tag","embeddable":true,"href":"https:\/\/incp.org.co\/agendatributariaincp\/wp-json\/wp\/v2\/tags?post=3384"}],"curies":[{"name":"wp","href":"https:\/\/api.w.org\/{rel}","templated":true}]}}