{"id":3387,"date":"2025-06-18T12:06:00","date_gmt":"2025-06-18T17:06:00","guid":{"rendered":"https:\/\/incp.org.co\/agendatributariaincp\/?p=3387"},"modified":"2026-02-16T10:53:07","modified_gmt":"2026-02-16T15:53:07","slug":"comentarios-del-incp-a-la-modificacion-de-las-tarifas-de-autorretencion-decreto-0572-de-2025","status":"publish","type":"post","link":"https:\/\/incp.org.co\/agendatributariaincp\/noticias\/2025\/06\/comentarios-del-incp-a-la-modificacion-de-las-tarifas-de-autorretencion-decreto-0572-de-2025\/","title":{"rendered":"Comentarios del INCP a la modificaci\u00f3n de las tarifas de autorretenci\u00f3n \u2013 Decreto 0572 de 2025"},"content":{"rendered":"\n<link href=\"https:\/\/cdnjs.cloudflare.com\/ajax\/libs\/font-awesome\/6.0.0-beta3\/css\/all.min.css\" rel=\"stylesheet\">\n<style> \n.container{\n  height: 200px;\n  position: relative;\n  border: 0px solid green;\n}\n\n.center{\n  margin: 0;\n  position: absolute;\n  top: 50%;\n  left: 50%;\n  -ms-transform: translate(-50%, -50%);\n  transform: translate(-50%, -50%);\n}\n.button {\n  background-color: #04AA6D;\n  border: none;\n  color: #04AA6D;;\n  padding: 16px 32px;\n  text-align: center;\n  text-decoration: none;\n  display: inline-block;\n  font-size: 16px;\n  margin: 4px 2px;\n  transition-duration: 0.4s;\n  cursor: pointer;\nborder-radius: 25px;\n}\n.button1 {\n  background-color: #04AA6D;\n  color: black; \n  border: 2px solid #04AA6D;\n}\n.button1:hover {\n  background-color: #04AA6D;;\n  color: white;\n}\n<\/style>\n<div class=\"container\">\n  <div class=\"center\">\n<a href=\"https:\/\/whatsapp.com\/channel\/0029Va8neTFCcW4h5pCJrM00\" target=\"_blank\" class=\"button button1\" rel=\"noopener\"> <i class=\"fa-brands fa-whatsapp\"><\/i>&nbsp;&nbsp;&nbsp;\u00danete a nuestro canal de whatsapp<\/a>\n <\/div>\n<\/div>\n\n\n\n<div style=\"position:relative;padding-top:max(60%,800px);height:0;width:100%\"><iframe allow=\"clipboard-write\" sandbox=\"allow-top-navigation allow-top-navigation-by-user-activation allow-downloads allow-scripts allow-same-origin allow-popups allow-modals allow-popups-to-escape-sandbox allow-forms\" allowfullscreen=\"true\" style=\"position:absolute;border:none;width:100%;height:100%;left:0;right:0;top:0;bottom:0;\" src=\"https:\/\/e.issuu.com\/embed.html?d=incp-_decreto_572&#038;u=incp\"><\/iframe><\/div>\n\n\n\n<div class=\"wp-block-file\"><a id=\"wp-block-file--media-da8a6926-c2ca-42fc-8915-8d36c4d0db01\" href=\"https:\/\/incp.org.co\/wp-content\/uploads\/2025\/06\/INCP-Decreto-572.pdf\">INCP- Decreto 572<\/a><a href=\"https:\/\/incp.org.co\/wp-content\/uploads\/2025\/06\/INCP-Decreto-572.pdf\" class=\"wp-block-file__button wp-element-button\" download aria-describedby=\"wp-block-file--media-da8a6926-c2ca-42fc-8915-8d36c4d0db01\">Descarga<\/a><\/div>\n\n\n\n<hr class=\"wp-block-separator has-alpha-channel-opacity\"\/>\n","protected":false},"excerpt":{"rendered":"<p>El 28 de mayo de 2025, el Ministerio de Hacienda y Cr\u00e9dito P\u00fablico expidi\u00f3 el Decreto 0572 de 2025, mediante el cual se modifican las tarifas de autorretenci\u00f3n en la fuente a t\u00edtulo del impuesto<\/p>\n","protected":false},"author":27935,"featured_media":3388,"comment_status":"open","ping_status":"open","sticky":false,"template":"","format":"standard","meta":{"footnotes":""},"categories":[13],"tags":[],"class_list":["post-3387","post","type-post","status-publish","format-standard","has-post-thumbnail","hentry","category-noticias"],"_links":{"self":[{"href":"https:\/\/incp.org.co\/agendatributariaincp\/wp-json\/wp\/v2\/posts\/3387","targetHints":{"allow":["GET"]}}],"collection":[{"href":"https:\/\/incp.org.co\/agendatributariaincp\/wp-json\/wp\/v2\/posts"}],"about":[{"href":"https:\/\/incp.org.co\/agendatributariaincp\/wp-json\/wp\/v2\/types\/post"}],"author":[{"embeddable":true,"href":"https:\/\/incp.org.co\/agendatributariaincp\/wp-json\/wp\/v2\/users\/27935"}],"replies":[{"embeddable":true,"href":"https:\/\/incp.org.co\/agendatributariaincp\/wp-json\/wp\/v2\/comments?post=3387"}],"version-history":[{"count":1,"href":"https:\/\/incp.org.co\/agendatributariaincp\/wp-json\/wp\/v2\/posts\/3387\/revisions"}],"predecessor-version":[{"id":3389,"href":"https:\/\/incp.org.co\/agendatributariaincp\/wp-json\/wp\/v2\/posts\/3387\/revisions\/3389"}],"wp:featuredmedia":[{"embeddable":true,"href":"https:\/\/incp.org.co\/agendatributariaincp\/wp-json\/wp\/v2\/media\/3388"}],"wp:attachment":[{"href":"https:\/\/incp.org.co\/agendatributariaincp\/wp-json\/wp\/v2\/media?parent=3387"}],"wp:term":[{"taxonomy":"category","embeddable":true,"href":"https:\/\/incp.org.co\/agendatributariaincp\/wp-json\/wp\/v2\/categories?post=3387"},{"taxonomy":"post_tag","embeddable":true,"href":"https:\/\/incp.org.co\/agendatributariaincp\/wp-json\/wp\/v2\/tags?post=3387"}],"curies":[{"name":"wp","href":"https:\/\/api.w.org\/{rel}","templated":true}]}}