{"id":3390,"date":"2025-06-18T12:07:00","date_gmt":"2025-06-18T17:07:00","guid":{"rendered":"https:\/\/incp.org.co\/agendatributariaincp\/?p=3390"},"modified":"2026-02-16T10:53:03","modified_gmt":"2026-02-16T15:53:03","slug":"se-propone-nuevo-regimen-sancionatorio-aduanero","status":"publish","type":"post","link":"https:\/\/incp.org.co\/agendatributariaincp\/noticias\/2025\/06\/se-propone-nuevo-regimen-sancionatorio-aduanero\/","title":{"rendered":"Se propone nuevo r\u00e9gimen sancionatorio aduanero"},"content":{"rendered":"\n<link href=\"https:\/\/cdnjs.cloudflare.com\/ajax\/libs\/font-awesome\/6.0.0-beta3\/css\/all.min.css\" rel=\"stylesheet\">\n<style> \n.container{\n  height: 200px;\n  position: relative;\n  border: 0px solid green;\n}\n\n.center{\n  margin: 0;\n  position: absolute;\n  top: 50%;\n  left: 50%;\n  -ms-transform: translate(-50%, -50%);\n  transform: translate(-50%, -50%);\n}\n.button {\n  background-color: #04AA6D;\n  border: none;\n  color: #04AA6D;;\n  padding: 16px 32px;\n  text-align: center;\n  text-decoration: none;\n  display: inline-block;\n  font-size: 16px;\n  margin: 4px 2px;\n  transition-duration: 0.4s;\n  cursor: pointer;\nborder-radius: 25px;\n}\n.button1 {\n  background-color: #04AA6D;\n  color: black; \n  border: 2px solid #04AA6D;\n}\n.button1:hover {\n  background-color: #04AA6D;;\n  color: white;\n}\n<\/style>\n<div class=\"container\">\n  <div class=\"center\">\n<a href=\"https:\/\/whatsapp.com\/channel\/0029Va8neTFCcW4h5pCJrM00\" target=\"_blank\" class=\"button button1\" rel=\"noopener\"> <i class=\"fa-brands fa-whatsapp\"><\/i>&nbsp;&nbsp;&nbsp;\u00danete a nuestro canal de whatsapp<\/a>\n <\/div>\n<\/div>\n\n\n\n\n<p style=\"text-align:justify\">La Direcci\u00f3n de Impuestos y Aduanas Nacionales (DIAN) dispuso para comentarios el proyecto de ley*, resultado de meses de di\u00e1logo con gremios, usuarios aduaneros y la academia, que propone fortalecer el marco normativo sancionatorio aduanero a partir de un enfoque t\u00e9cnico y garantista. Entre los mencionados actores se destacan: &nbsp;la Asociaci\u00f3n Nacional de Empresarios de Colombia (ANDI), la Asociaci\u00f3n Nacional de Comercio Exterior (ANALDEX), la Asociaci\u00f3n de L\u00edneas A\u00e9reas Internacionales en Colombia (ALAICO) y diversos representantes del sector acad\u00e9mico y log\u00edstico.<\/p>\n\n\n\n<p>Las principales propuestas incluyen:<\/p>\n\n\n\n<ul class=\"wp-block-list\">\n<li><p style=\"text-align:justify\"><strong>Principios garantistas<\/strong>: se incorporar\u00edan los principios de proporcionalidad, m\u00e1xima diligencia y justicia para orientar la aplicaci\u00f3n de las sanciones.<\/p><\/li>\n\n\n\n<li><p style=\"text-align:justify\"><strong>Clasificaci\u00f3n eficiente de infracciones<\/strong>: se establecer\u00eda un sistema m\u00e1s claro y proporcional en la definici\u00f3n y aplicaci\u00f3n de infracciones y sanciones.<\/p><\/li>\n\n\n\n<li><p style=\"text-align:justify\"><strong>R\u00e9gimen de decomiso m\u00e1s flexible<\/strong>: se eliminar\u00edan algunas causales de aprehensi\u00f3n para evitar la p\u00e9rdida autom\u00e1tica de la mercanc\u00eda, sustituy\u00e9ndola por sanciones administrativas.<\/p><\/li>\n\n\n\n<li><p style=\"text-align:justify\"><strong>Gradualidad y reducci\u00f3n de sanciones<\/strong>: se introducir\u00edan incentivos como el allanamiento voluntario y la correcci\u00f3n temprana de errores con descuentos en las multas.<\/p><\/li>\n\n\n\n<li><p style=\"text-align:justify\"><strong>Causales de exoneraci\u00f3n<\/strong>: se ampliar\u00edan las causales para exonerar o reducir sanciones, reforzando el debido proceso y el valor probatorio de los documentos.<\/p><\/li>\n<\/ul>\n\n\n\n<p>Los comentarios a este proyecto de ley se recibir\u00e1n hasta el 22 de junio al correo <a href=\"mailto:pgomezg@dian.gov.co\">pgomezg@dian.gov.co.<\/a><\/p>\n\n\n\n<p>Ver: <a href=\"https:\/\/incp.org.co\/wp-content\/uploads\/2025\/06\/Proyect-de-ley-regimen-sancionatorio-aduanero.pdf\">Proyecto de ley &#8211; r\u00e9gimen sancionatorio aduanero<\/a><\/p>\n\n\n\n<p><em>*\u201cPor medio del cual se adopta el nuevo R\u00e9gimen Sancionatorio y de decomiso de mercanc\u00edas en materia aduanera, as\u00ed como el procedimiento aplicable\u201d.<\/em><\/p>\n\n\n\n<p><strong>Redacci\u00f3n INCP<\/strong><\/p>\n\n\n\n<hr class=\"wp-block-separator has-alpha-channel-opacity\"\/>\n","protected":false},"excerpt":{"rendered":"<p>La Direcci\u00f3n de Impuestos y Aduanas Nacionales (DIAN) dispuso para comentarios el proyecto de ley*, resultado de meses de di\u00e1logo con gremios, usuarios aduaneros y la academia, que<\/p>\n","protected":false},"author":27935,"featured_media":3391,"comment_status":"open","ping_status":"open","sticky":false,"template":"","format":"standard","meta":{"footnotes":""},"categories":[13],"tags":[],"class_list":["post-3390","post","type-post","status-publish","format-standard","has-post-thumbnail","hentry","category-noticias"],"_links":{"self":[{"href":"https:\/\/incp.org.co\/agendatributariaincp\/wp-json\/wp\/v2\/posts\/3390","targetHints":{"allow":["GET"]}}],"collection":[{"href":"https:\/\/incp.org.co\/agendatributariaincp\/wp-json\/wp\/v2\/posts"}],"about":[{"href":"https:\/\/incp.org.co\/agendatributariaincp\/wp-json\/wp\/v2\/types\/post"}],"author":[{"embeddable":true,"href":"https:\/\/incp.org.co\/agendatributariaincp\/wp-json\/wp\/v2\/users\/27935"}],"replies":[{"embeddable":true,"href":"https:\/\/incp.org.co\/agendatributariaincp\/wp-json\/wp\/v2\/comments?post=3390"}],"version-history":[{"count":1,"href":"https:\/\/incp.org.co\/agendatributariaincp\/wp-json\/wp\/v2\/posts\/3390\/revisions"}],"predecessor-version":[{"id":3392,"href":"https:\/\/incp.org.co\/agendatributariaincp\/wp-json\/wp\/v2\/posts\/3390\/revisions\/3392"}],"wp:featuredmedia":[{"embeddable":true,"href":"https:\/\/incp.org.co\/agendatributariaincp\/wp-json\/wp\/v2\/media\/3391"}],"wp:attachment":[{"href":"https:\/\/incp.org.co\/agendatributariaincp\/wp-json\/wp\/v2\/media?parent=3390"}],"wp:term":[{"taxonomy":"category","embeddable":true,"href":"https:\/\/incp.org.co\/agendatributariaincp\/wp-json\/wp\/v2\/categories?post=3390"},{"taxonomy":"post_tag","embeddable":true,"href":"https:\/\/incp.org.co\/agendatributariaincp\/wp-json\/wp\/v2\/tags?post=3390"}],"curies":[{"name":"wp","href":"https:\/\/api.w.org\/{rel}","templated":true}]}}