{"id":3396,"date":"2025-06-19T12:11:00","date_gmt":"2025-06-19T17:11:00","guid":{"rendered":"https:\/\/incp.org.co\/agendatributariaincp\/?p=3396"},"modified":"2026-02-16T10:52:58","modified_gmt":"2026-02-16T15:52:58","slug":"la-renta-exenta-por-pension-no-aplica-en-el-regimen-simple-de-tributacion","status":"publish","type":"post","link":"https:\/\/incp.org.co\/agendatributariaincp\/noticias\/2025\/06\/la-renta-exenta-por-pension-no-aplica-en-el-regimen-simple-de-tributacion\/","title":{"rendered":"La renta exenta por pensi\u00f3n no aplica en el R\u00e9gimen Simple de Tributaci\u00f3n"},"content":{"rendered":"\n<link href=\"https:\/\/cdnjs.cloudflare.com\/ajax\/libs\/font-awesome\/6.0.0-beta3\/css\/all.min.css\" rel=\"stylesheet\">\n<style> \n.container{\n  height: 200px;\n  position: relative;\n  border: 0px solid green;\n}\n\n.center{\n  margin: 0;\n  position: absolute;\n  top: 50%;\n  left: 50%;\n  -ms-transform: translate(-50%, -50%);\n  transform: translate(-50%, -50%);\n}\n.button {\n  background-color: #04AA6D;\n  border: none;\n  color: #04AA6D;;\n  padding: 16px 32px;\n  text-align: center;\n  text-decoration: none;\n  display: inline-block;\n  font-size: 16px;\n  margin: 4px 2px;\n  transition-duration: 0.4s;\n  cursor: pointer;\nborder-radius: 25px;\n}\n.button1 {\n  background-color: #04AA6D;\n  color: black; \n  border: 2px solid #04AA6D;\n}\n.button1:hover {\n  background-color: #04AA6D;;\n  color: white;\n}\n<\/style>\n<div class=\"container\">\n  <div class=\"center\">\n<a href=\"https:\/\/whatsapp.com\/channel\/0029Va8neTFCcW4h5pCJrM00\" target=\"_blank\" class=\"button button1\" rel=\"noopener\"> <i class=\"fa-brands fa-whatsapp\"><\/i>&nbsp;&nbsp;&nbsp;\u00danete a nuestro canal de whatsapp<\/a>\n <\/div>\n<\/div>\n\n\n\n\n<p style=\"text-align:justify\">A trav\u00e9s del Concepto 100208192 \u2013 609 del 29 de abril de 2025, la Direcci\u00f3n de Impuestos y Aduanas Nacionales (DIAN) aclar\u00f3 que la renta exenta de los ingresos por pensi\u00f3n, regulada en el numeral 5 del art\u00edculo 84 de la reforma pensional (Ley 2381 de 2024*), no aplica si la persona est\u00e1 en el R\u00e9gimen Simple de Tributaci\u00f3n \u2013 SIMPLE.<\/p>\n\n\n\n<p style=\"text-align:justify\">Seg\u00fan la administraci\u00f3n tributaria, dicha exenci\u00f3n es v\u00e1lida para el impuesto sobre la renta y complementarios en el r\u00e9gimen ordinario, por lo cual, no puede extenderse al SIMPLE. Recordemos que el impuesto a pagar en el r\u00e9gimen SIMPLE se calcula sobre los ingresos brutos anuales, sin permitir deducciones ni rentas exentas (art\u00edculos 904 y 908 del Estatuto Tributario).<\/p>\n\n\n\n<p style=\"text-align:justify\">En el mencionado concepto tambi\u00e9n se precis\u00f3 que recibir una pensi\u00f3n no es, por s\u00ed sola, una actividad econ\u00f3mica. Esto significa que un pensionado puede acogerse al SIMPLE siempre y cuando desarrolle actividades econ\u00f3micas que configuren empresa, tal como lo establece el art\u00edculo 905 del Estatuto Tributario.<\/p>\n\n\n\n<p style=\"text-align:justify\">Finalmente, la DIAN reiter\u00f3 que, en ausencia de una norma que excluya los ingresos por pensi\u00f3n del c\u00e1lculo del SIMPLE, estos deben incluirse en la base gravable para efectos de determinar la tarifa aplicable.<strong><\/strong><\/p>\n\n\n\n<p>Para m\u00e1s detalles, consulte el documento a continuaci\u00f3n.<\/p>\n\n\n\n<p>Ver: <a href=\"https:\/\/incp.org.co\/wp-content\/uploads\/2025\/06\/DIAN-Concepto-609-de-2025-Pensiones-en-RST-1.pdf\">Concepto 100208192 \u2013 609 del 29 de abril de 2025 &#8211; DIAN<\/a><\/p>\n\n\n\n<p style=\"text-align:justify\"><em>*\u201dPor medio de la cual se establece el sistema de protecci\u00f3n social integral para la vejez, invalidez y muerte de origen com\u00fan, y se dictan otras disposiciones\u201d.<\/em><\/p>\n\n\n\n<p><strong>Redacci\u00f3n INCP<\/strong><strong><\/strong><\/p>\n\n\n\n<hr class=\"wp-block-separator has-alpha-channel-opacity\"\/>\n\n\n\n<p><\/p>\n","protected":false},"excerpt":{"rendered":"<p>A trav\u00e9s del Concepto 100208192 \u2013 609 del 29 de abril de 2025, la Direcci\u00f3n de Impuestos y Aduanas Nacionales (DIAN) aclar\u00f3 que la renta exenta de los ingresos por pensi\u00f3n, regulada en el numeral 5 del art\u00edculo<\/p>\n","protected":false},"author":27935,"featured_media":3397,"comment_status":"open","ping_status":"open","sticky":false,"template":"","format":"standard","meta":{"footnotes":""},"categories":[13],"tags":[],"class_list":["post-3396","post","type-post","status-publish","format-standard","has-post-thumbnail","hentry","category-noticias"],"_links":{"self":[{"href":"https:\/\/incp.org.co\/agendatributariaincp\/wp-json\/wp\/v2\/posts\/3396","targetHints":{"allow":["GET"]}}],"collection":[{"href":"https:\/\/incp.org.co\/agendatributariaincp\/wp-json\/wp\/v2\/posts"}],"about":[{"href":"https:\/\/incp.org.co\/agendatributariaincp\/wp-json\/wp\/v2\/types\/post"}],"author":[{"embeddable":true,"href":"https:\/\/incp.org.co\/agendatributariaincp\/wp-json\/wp\/v2\/users\/27935"}],"replies":[{"embeddable":true,"href":"https:\/\/incp.org.co\/agendatributariaincp\/wp-json\/wp\/v2\/comments?post=3396"}],"version-history":[{"count":1,"href":"https:\/\/incp.org.co\/agendatributariaincp\/wp-json\/wp\/v2\/posts\/3396\/revisions"}],"predecessor-version":[{"id":3398,"href":"https:\/\/incp.org.co\/agendatributariaincp\/wp-json\/wp\/v2\/posts\/3396\/revisions\/3398"}],"wp:featuredmedia":[{"embeddable":true,"href":"https:\/\/incp.org.co\/agendatributariaincp\/wp-json\/wp\/v2\/media\/3397"}],"wp:attachment":[{"href":"https:\/\/incp.org.co\/agendatributariaincp\/wp-json\/wp\/v2\/media?parent=3396"}],"wp:term":[{"taxonomy":"category","embeddable":true,"href":"https:\/\/incp.org.co\/agendatributariaincp\/wp-json\/wp\/v2\/categories?post=3396"},{"taxonomy":"post_tag","embeddable":true,"href":"https:\/\/incp.org.co\/agendatributariaincp\/wp-json\/wp\/v2\/tags?post=3396"}],"curies":[{"name":"wp","href":"https:\/\/api.w.org\/{rel}","templated":true}]}}