{"id":3423,"date":"2025-07-04T08:12:56","date_gmt":"2025-07-04T13:12:56","guid":{"rendered":"https:\/\/incp.org.co\/agendatributariaincp\/?p=3423"},"modified":"2026-02-16T10:37:39","modified_gmt":"2026-02-16T15:37:39","slug":"corte-constitucional-admite-nuevamente-demanda-contra-la-tasa-minima-de-tributacion","status":"publish","type":"post","link":"https:\/\/incp.org.co\/agendatributariaincp\/noticias\/2025\/07\/corte-constitucional-admite-nuevamente-demanda-contra-la-tasa-minima-de-tributacion\/","title":{"rendered":"Corte Constitucional admite nuevamente demanda contra la tasa m\u00ednima de tributaci\u00f3n"},"content":{"rendered":"\n<figure class=\"wp-block-embed is-type-video is-provider-youtube wp-block-embed-youtube wp-embed-aspect-16-9 wp-has-aspect-ratio\"><div class=\"wp-block-embed__wrapper\">\n<div class='embed-container'><iframe loading=\"lazy\" title=\"Corte Constitucional admite nuevamente demanda contra la tasa m\u00ednima de tributaci\u00f3n\" width=\"1920\" height=\"1080\" src=\"https:\/\/www.youtube.com\/embed\/iGbJ7t8xp4k?feature=oembed\" frameborder=\"0\" allow=\"accelerometer; autoplay; clipboard-write; encrypted-media; gyroscope; picture-in-picture; web-share\" referrerpolicy=\"strict-origin-when-cross-origin\" allowfullscreen><\/iframe><\/div>\n<\/div><\/figure>\n\n\n\n<link href=\"https:\/\/cdnjs.cloudflare.com\/ajax\/libs\/font-awesome\/6.0.0-beta3\/css\/all.min.css\" rel=\"stylesheet\">\n<style> \n.container{\n  height: 200px;\n  position: relative;\n  border: 0px solid green;\n}\n\n.center{\n  margin: 0;\n  position: absolute;\n  top: 50%;\n  left: 50%;\n  -ms-transform: translate(-50%, -50%);\n  transform: translate(-50%, -50%);\n}\n.button {\n  background-color: #04AA6D;\n  border: none;\n  color: #04AA6D;;\n  padding: 16px 32px;\n  text-align: center;\n  text-decoration: none;\n  display: inline-block;\n  font-size: 16px;\n  margin: 4px 2px;\n  transition-duration: 0.4s;\n  cursor: pointer;\nborder-radius: 25px;\n}\n.button1 {\n  background-color: #04AA6D;\n  color: black; \n  border: 2px solid #04AA6D;\n}\n.button1:hover {\n  background-color: #04AA6D;;\n  color: white;\n}\n<\/style>\n<div class=\"container\">\n  <div class=\"center\">\n<a href=\"https:\/\/whatsapp.com\/channel\/0029Va8neTFCcW4h5pCJrM00\" target=\"_blank\" class=\"button button1\" rel=\"noopener\"> <i class=\"fa-brands fa-whatsapp\"><\/i>&nbsp;&nbsp;&nbsp;\u00danete a nuestro canal de whatsapp<\/a>\n <\/div>\n<\/div>\n\n\n\n<p style=\"text-align:justify\">El 26 de junio de 2025, la Corte Constitucional admiti\u00f3 parcialmente una demanda presentada por Carlos Giovanny Rodr\u00edguez V\u00e1squez, miembro de la Comisi\u00f3n Tributaria del Instituto Nacional de Contadores P\u00fablicos &#8211; <strong>INCP<\/strong>, y otros miembros de la firma Esguerra JHR, contra el par\u00e1grafo 6 del art\u00edculo 240 del Estatuto Tributario, modificado por el art\u00edculo 10 de la reforma tributaria (Ley 2277 de 2022*) en relaci\u00f3n con la tasa m\u00ednima de tributaci\u00f3n.<\/p>\n\n\n\n<p style=\"text-align:justify\">La demanda cuestion\u00f3 la constitucionalidad del impuesto a adicionar que deben pagar ciertos contribuyentes cuando su tasa de tributaci\u00f3n depurada (TTD) es inferior al 15 %. Seg\u00fan los demandantes, la norma genera una carga tributaria desigual para quienes presentan diferencias temporarias entre su contabilidad financiera y fiscal, ya que no existe un mecanismo que les permita compensar el mayor impuesto causado por dicha disparidad. Se argumenta que esto vulnera los principios de equidad horizontal, justicia tributaria e igualdad ante la ley, al imponer una obligaci\u00f3n m\u00e1s gravosa a quienes tienen la misma capacidad contributiva.<\/p>\n\n\n\n<p style=\"text-align:justify\">La Corte admiti\u00f3 los cargos relacionados con estos principios, al considerar que los demandantes lograron sustentar la existencia de una \u2018omisi\u00f3n legislativa relativa\u2019**. No obstante, rechaz\u00f3 el cargo basado en la supuesta violaci\u00f3n de los principios de no confiscatoriedad y propiedad privada, por falta de suficiencia argumentativa.<\/p>\n\n\n\n<p style=\"text-align:justify\">Como parte del proceso, la Corte orden\u00f3 la pr\u00e1ctica de pruebas, la recolecci\u00f3n de antecedentes legislativos y la consulta a entidades t\u00e9cnicas, acad\u00e9micas y al Ministerio de Hacienda y Cr\u00e9dito P\u00fablico, as\u00ed como a la Direcci\u00f3n de Impuestos y Aduanas Nacionales (DIAN). Tambi\u00e9n invitar a distintos gremios, entre los cuales se encuentra el <strong>INCP<\/strong>, para que emitan un concepto sobre los efectos contables y fiscales del impuesto a adicionar por la TTD y su posible inconstitucionalidad.<\/p>\n\n\n\n<p style=\"text-align:justify\">La admisi\u00f3n de esta demanda abre nuevamente el debate sobre los efectos fiscales de las diferencias temporarias y podr\u00eda tener un impacto significativo en la interpretaci\u00f3n y aplicaci\u00f3n de la TTD en Colombia.<\/p>\n\n\n\n<p>Para m\u00e1s detalles, consulte el documento a continuaci\u00f3n:<\/p>\n\n\n\n<p>Ver: <a href=\"https:\/\/incp.org.co\/wp-content\/uploads\/2025\/07\/Auto-\u2013-demanda-expediente-D-16565-\u2013-Carlos-Rodriguez.pdf\">Auto \u2013 demanda expediente D-16565<\/a><\/p>\n\n\n\n<p style=\"text-align:justify\"><em>*Por medio de la cual se adopta una reforma tributaria para la igualdad y la justicia social y se dictan otras disposiciones.<\/em><\/p>\n\n\n\n<p style=\"text-align:justify\"><em>**<\/em> <em>Ocurre cuando el Congreso s\u00ed ha regulado una materia, pero lo ha hecho de manera incompleta o insuficiente, generando una exclusi\u00f3n injustificada o discriminatoria que vulnera derechos fundamentales.<\/em><\/p>\n\n\n\n<p><strong>Redacci\u00f3n INCP<\/strong><\/p>\n\n\n\n<hr class=\"wp-block-separator has-alpha-channel-opacity\"\/>\n","protected":false},"excerpt":{"rendered":"<p>El 26 de junio de 2025, la Corte Constitucional admiti\u00f3 parcialmente una demanda presentada por Carlos Giovanny Rodr\u00edguez V\u00e1squez, miembro de la Comisi\u00f3n Tributaria del Instituto Nacional de Contadores P\u00fablicos<\/p>\n","protected":false},"author":27935,"featured_media":3424,"comment_status":"open","ping_status":"open","sticky":false,"template":"","format":"standard","meta":{"footnotes":""},"categories":[13],"tags":[],"class_list":["post-3423","post","type-post","status-publish","format-standard","has-post-thumbnail","hentry","category-noticias"],"_links":{"self":[{"href":"https:\/\/incp.org.co\/agendatributariaincp\/wp-json\/wp\/v2\/posts\/3423","targetHints":{"allow":["GET"]}}],"collection":[{"href":"https:\/\/incp.org.co\/agendatributariaincp\/wp-json\/wp\/v2\/posts"}],"about":[{"href":"https:\/\/incp.org.co\/agendatributariaincp\/wp-json\/wp\/v2\/types\/post"}],"author":[{"embeddable":true,"href":"https:\/\/incp.org.co\/agendatributariaincp\/wp-json\/wp\/v2\/users\/27935"}],"replies":[{"embeddable":true,"href":"https:\/\/incp.org.co\/agendatributariaincp\/wp-json\/wp\/v2\/comments?post=3423"}],"version-history":[{"count":1,"href":"https:\/\/incp.org.co\/agendatributariaincp\/wp-json\/wp\/v2\/posts\/3423\/revisions"}],"predecessor-version":[{"id":3425,"href":"https:\/\/incp.org.co\/agendatributariaincp\/wp-json\/wp\/v2\/posts\/3423\/revisions\/3425"}],"wp:featuredmedia":[{"embeddable":true,"href":"https:\/\/incp.org.co\/agendatributariaincp\/wp-json\/wp\/v2\/media\/3424"}],"wp:attachment":[{"href":"https:\/\/incp.org.co\/agendatributariaincp\/wp-json\/wp\/v2\/media?parent=3423"}],"wp:term":[{"taxonomy":"category","embeddable":true,"href":"https:\/\/incp.org.co\/agendatributariaincp\/wp-json\/wp\/v2\/categories?post=3423"},{"taxonomy":"post_tag","embeddable":true,"href":"https:\/\/incp.org.co\/agendatributariaincp\/wp-json\/wp\/v2\/tags?post=3423"}],"curies":[{"name":"wp","href":"https:\/\/api.w.org\/{rel}","templated":true}]}}