{"id":3648,"date":"2025-10-03T08:05:00","date_gmt":"2025-10-03T13:05:00","guid":{"rendered":"https:\/\/incp.org.co\/agendatributariaincp\/?p=3648"},"modified":"2026-02-16T10:07:20","modified_gmt":"2026-02-16T15:07:20","slug":"corte-suprema-confirmo-condena-por-omision-en-consignacion-de-iva","status":"publish","type":"post","link":"https:\/\/incp.org.co\/agendatributariaincp\/noticias\/2025\/10\/corte-suprema-confirmo-condena-por-omision-en-consignacion-de-iva\/","title":{"rendered":"Corte Suprema confirm\u00f3 condena por omisi\u00f3n en consignaci\u00f3n de IVA"},"content":{"rendered":"\n<figure class=\"wp-block-embed is-type-video is-provider-youtube wp-block-embed-youtube wp-embed-aspect-16-9 wp-has-aspect-ratio\"><div class=\"wp-block-embed__wrapper\">\n<div class='embed-container'><iframe loading=\"lazy\" title=\"Corte Suprema confirm\u00f3 condena por omisi\u00f3n en consignaci\u00f3n de IVA\" width=\"1920\" height=\"1080\" src=\"https:\/\/www.youtube.com\/embed\/5NOwvgUrFBY?feature=oembed\" frameborder=\"0\" allow=\"accelerometer; autoplay; clipboard-write; encrypted-media; gyroscope; picture-in-picture; web-share\" referrerpolicy=\"strict-origin-when-cross-origin\" allowfullscreen><\/iframe><\/div>\n<\/div><\/figure>\n\n\n\n<link href=\"https:\/\/cdnjs.cloudflare.com\/ajax\/libs\/font-awesome\/6.0.0-beta3\/css\/all.min.css\" rel=\"stylesheet\">\n<style> \n.container{\n  height: 200px;\n  position: relative;\n  border: 0px solid green;\n}\n\n.center{\n  margin: 0;\n  position: absolute;\n  top: 50%;\n  left: 50%;\n  -ms-transform: translate(-50%, -50%);\n  transform: translate(-50%, -50%);\n}\n.button {\n  background-color: #04AA6D;\n  border: none;\n  color: #04AA6D;;\n  padding: 16px 32px;\n  text-align: center;\n  text-decoration: none;\n  display: inline-block;\n  font-size: 16px;\n  margin: 4px 2px;\n  transition-duration: 0.4s;\n  cursor: pointer;\nborder-radius: 25px;\n}\n.button1 {\n  background-color: #04AA6D;\n  color: black; \n  border: 2px solid #04AA6D;\n}\n.button1:hover {\n  background-color: #04AA6D;;\n  color: white;\n}\n<\/style>\n<div class=\"container\">\n  <div class=\"center\">\n<a href=\"https:\/\/whatsapp.com\/channel\/0029Va8neTFCcW4h5pCJrM00\" target=\"_blank\" class=\"button button1\" rel=\"noopener\"> <i class=\"fa-brands fa-whatsapp\"><\/i>&nbsp;&nbsp;&nbsp;\u00danete a nuestro canal de whatsapp<\/a>\n <\/div>\n<\/div>\n\n\n\n<p style=\"text-align:justify\">La Sala de Casaci\u00f3n Penal de la Corte Suprema de Justicia confirm\u00f3 parcialmente la condena contra una mujer de 87 a\u00f1os, representante legal de una empresa, por el delito de omisi\u00f3n de las responsabilidades del agente retenedor o recaudador, al no consignar en los plazos legales las sumas recaudadas por concepto del Impuesto al Valor Agregado (IVA).<\/p>\n\n\n\n<p style=\"text-align:justify\">De acuerdo con el expediente, entre 2010 y 2014 la mujer dej\u00f3 de transferir a la Direcci\u00f3n de Impuestos y Aduanas Nacionales (DIAN) un total de $56.349.229 correspondientes al IVA que hab\u00eda sido recaudado.<\/p>\n\n\n\n<p style=\"text-align:justify\">En primera instancia, un juzgado de Bucaramanga impuso una pena de prisi\u00f3n y multa por $94.722.000, decisi\u00f3n que fue confirmada por el Tribunal Superior de esa ciudad, el cual le neg\u00f3 el beneficio de prisi\u00f3n domiciliaria. Sin embargo, la Corte concluy\u00f3 que en las sentencias previas se desconocieron garant\u00edas m\u00ednimas del debido proceso y la necesidad de valorar la situaci\u00f3n de vulnerabilidad derivada de la avanzada edad de la acusada.<\/p>\n\n\n\n<p style=\"text-align:justify\">El alto tribunal determin\u00f3 que la mujer cumplir\u00e1 la condena bajo la modalidad de prisi\u00f3n domiciliaria, previa firma de un compromiso. Adem\u00e1s, orden\u00f3 que el Instituto Nacional Penitenciario y Carcelario (INPEC) realice la rese\u00f1a y dem\u00e1s tr\u00e1mites administrativos directamente en la residencia de la condenada, y no en un centro carcelario.<\/p>\n\n\n\n<p style=\"text-align:justify\">La decisi\u00f3n tambi\u00e9n enfatiz\u00f3 que, pese a conceder el beneficio por razones humanitarias, se mantiene la responsabilidad penal derivada del incumplimiento de las obligaciones tributarias.<\/p>\n\n\n\n<p>Para m\u00e1s informaci\u00f3n, consulte la sentencia de la Corte Suprema de Justicia a continuaci\u00f3n.<\/p>\n\n\n\n<p>Ver: <a href=\"https:\/\/incp.org.co\/wp-content\/uploads\/2025\/10\/SP1863-de-2025-\u2013-Corte-Suprema-de-Justicia.pdf\">SP1863 de 2025 \u2013 Corte Suprema de Justicia<\/a><\/p>\n\n\n\n<p><strong>Redacci\u00f3n INCP<\/strong><\/p>\n\n\n\n<hr class=\"wp-block-separator has-alpha-channel-opacity\"\/>\n","protected":false},"excerpt":{"rendered":"<p>La Sala de Casaci\u00f3n Penal de la Corte Suprema de Justicia confirm\u00f3 parcialmente la condena contra una mujer de 87 a\u00f1os, representante legal de una empresa, por el delito de omisi\u00f3n de las responsabilidades del agente retenedor o recaudador<\/p>\n","protected":false},"author":27935,"featured_media":3651,"comment_status":"open","ping_status":"open","sticky":false,"template":"","format":"standard","meta":{"footnotes":""},"categories":[13],"tags":[],"class_list":["post-3648","post","type-post","status-publish","format-standard","has-post-thumbnail","hentry","category-noticias"],"_links":{"self":[{"href":"https:\/\/incp.org.co\/agendatributariaincp\/wp-json\/wp\/v2\/posts\/3648","targetHints":{"allow":["GET"]}}],"collection":[{"href":"https:\/\/incp.org.co\/agendatributariaincp\/wp-json\/wp\/v2\/posts"}],"about":[{"href":"https:\/\/incp.org.co\/agendatributariaincp\/wp-json\/wp\/v2\/types\/post"}],"author":[{"embeddable":true,"href":"https:\/\/incp.org.co\/agendatributariaincp\/wp-json\/wp\/v2\/users\/27935"}],"replies":[{"embeddable":true,"href":"https:\/\/incp.org.co\/agendatributariaincp\/wp-json\/wp\/v2\/comments?post=3648"}],"version-history":[{"count":1,"href":"https:\/\/incp.org.co\/agendatributariaincp\/wp-json\/wp\/v2\/posts\/3648\/revisions"}],"predecessor-version":[{"id":3652,"href":"https:\/\/incp.org.co\/agendatributariaincp\/wp-json\/wp\/v2\/posts\/3648\/revisions\/3652"}],"wp:featuredmedia":[{"embeddable":true,"href":"https:\/\/incp.org.co\/agendatributariaincp\/wp-json\/wp\/v2\/media\/3651"}],"wp:attachment":[{"href":"https:\/\/incp.org.co\/agendatributariaincp\/wp-json\/wp\/v2\/media?parent=3648"}],"wp:term":[{"taxonomy":"category","embeddable":true,"href":"https:\/\/incp.org.co\/agendatributariaincp\/wp-json\/wp\/v2\/categories?post=3648"},{"taxonomy":"post_tag","embeddable":true,"href":"https:\/\/incp.org.co\/agendatributariaincp\/wp-json\/wp\/v2\/tags?post=3648"}],"curies":[{"name":"wp","href":"https:\/\/api.w.org\/{rel}","templated":true}]}}