{"id":3665,"date":"2025-10-17T09:47:00","date_gmt":"2025-10-17T14:47:00","guid":{"rendered":"https:\/\/incp.org.co\/agendatributariaincp\/?p=3665"},"modified":"2026-02-16T10:06:48","modified_gmt":"2026-02-16T15:06:48","slug":"minhacienda-prorrogaria-la-fecha-de-entrada-en-vigor-de-la-niif-17-en-el-pais","status":"publish","type":"post","link":"https:\/\/incp.org.co\/agendatributariaincp\/noticias\/2025\/10\/minhacienda-prorrogaria-la-fecha-de-entrada-en-vigor-de-la-niif-17-en-el-pais\/","title":{"rendered":"Minhacienda prorrogar\u00eda la fecha de entrada en vigor de la NIIF 17 en el pa\u00eds"},"content":{"rendered":"\n<link href=\"https:\/\/cdnjs.cloudflare.com\/ajax\/libs\/font-awesome\/6.0.0-beta3\/css\/all.min.css\" rel=\"stylesheet\">\n<style> \n.container{\n  height: 200px;\n  position: relative;\n  border: 0px solid green;\n}\n\n.center{\n  margin: 0;\n  position: absolute;\n  top: 50%;\n  left: 50%;\n  -ms-transform: translate(-50%, -50%);\n  transform: translate(-50%, -50%);\n}\n.button {\n  background-color: #04AA6D;\n  border: none;\n  color: #04AA6D;;\n  padding: 16px 32px;\n  text-align: center;\n  text-decoration: none;\n  display: inline-block;\n  font-size: 16px;\n  margin: 4px 2px;\n  transition-duration: 0.4s;\n  cursor: pointer;\nborder-radius: 25px;\n}\n.button1 {\n  background-color: #04AA6D;\n  color: black; \n  border: 2px solid #04AA6D;\n}\n.button1:hover {\n  background-color: #04AA6D;;\n  color: white;\n}\n<\/style>\n<div class=\"container\">\n  <div class=\"center\">\n<a href=\"https:\/\/whatsapp.com\/channel\/0029Va8neTFCcW4h5pCJrM00\" target=\"_blank\" class=\"button button1\" rel=\"noopener\"> <i class=\"fa-brands fa-whatsapp\"><\/i>&nbsp;&nbsp;&nbsp;\u00danete a nuestro canal de whatsapp<\/a>\n <\/div>\n<\/div>\n\n\n\n\n<p style=\"text-align:justify\">El Ministerio de Hacienda y Cr\u00e9dito P\u00fablico (Minhacienda) public\u00f3 para comentarios un proyecto de decreto que propone aplazar la entrada en vigor de la Norma Internacional de Informaci\u00f3n Financiera 17 (NIIF 17) <em>\u2013 Contratos de seguros<\/em> establecida mediante el <a href=\"https:\/\/incp.org.co\/publicaciones\/infoincp-publicaciones\/2024\/10\/la-niif-17-estara-vigente-en-colombia-a-partir-del-1-de-enero-de-2027\/\">Decreto 1271 de 2024<\/a>, de modo que su aplicaci\u00f3n ya no iniciar\u00eda el 1 de enero de 2027, sino hasta el 1 de enero de 2028<em>.<\/em><\/p>\n\n\n\n<p style=\"text-align:justify\">La propuesta surge tras el an\u00e1lisis conjunto de la Superintendencia Financiera de Colombia (Superfinanciera) y el Consejo T\u00e9cnico de la Contadur\u00eda P\u00fablica (CTCP) y la solicitud de aplazamiento de la Federaci\u00f3n de Aseguradores Colombianos (FASECOLDA), ya que las tres entidades coincidieron en la necesidad de otorgar un mayor plazo para garantizar una implementaci\u00f3n ordenada y efectiva de la norma.<\/p>\n\n\n\n<p style=\"text-align:justify\">De acuerdo con los motivos expuesto por FASECOLDA, las aseguradoras a\u00fan enfrentan brechas significativas en la adopci\u00f3n de herramientas tecnol\u00f3gicas, en la disponibilidad de datos hist\u00f3ricos de calidad y en la capacidad operativa para realizar pruebas de transici\u00f3n y paralelismo requeridas para la correcta aplicaci\u00f3n de la norma lo cual podr\u00eda afectar la confiabilidad y oportunidad de la informaci\u00f3n financiera a presentar en los plazos actualmente definidos.<\/p>\n\n\n\n<p style=\"text-align:justify\">Por su lado, la Superfinanciera respald\u00f3 la medida propuesta argumentando que el cambio permitir\u00eda a las entidades vigiladas realizar los ajustes necesarios y mitigar riesgos en la transici\u00f3n, asegurando la sostenibilidad del sector.<\/p>\n\n\n\n<p style=\"text-align:justify\">El proyecto tambi\u00e9n dispone que las entidades obligadas deber\u00e1n presentar un plan de ajuste aprobado por su junta directiva a m\u00e1s tardar el 31 de julio de &nbsp;2026. La Superfinanciera impartir\u00eda m\u00e1s adelante instrucciones sobre estos planes.<\/p>\n\n\n\n<p style=\"text-align:justify\">De la misma manera, el proyecto mantendr\u00eda la derogatoria de la NIIF 4 \u2013 <em>Contratos de seguros<\/em> que se dict\u00f3 por medio del Decreto 1271 de 2024, pero entrar\u00eda en vigor a partir del 1 de enero de 2028.<\/p>\n\n\n\n<p style=\"text-align:justify\">Los interesados en comentar el proyecto de decreto pueden hacerlo a trav\u00e9s del siguiente <a href=\"https:\/\/www.minhacienda.gov.co\/web\/forms\/shared\/-\/form\/2819141\">formulario<\/a> hasta el 29 de octubre de 2025<\/p>\n\n\n\n<p>Para m\u00e1s informaci\u00f3n, consulte el documento a continuaci\u00f3n.<\/p>\n\n\n\n<p>Ver: <a href=\"https:\/\/incp.org.co\/wp-content\/uploads\/2025\/10\/Proyecto-de-decreto-entrada-en-vigencia-NIIF-17-Minhacienda.pdf\">Proyecto de decreto entrada en vigor NIIF 17 &#8211; Minhacienda<\/a><\/p>\n\n\n\n<p><strong>Redacci\u00f3n INCP<\/strong><\/p>\n\n\n\n<p style=\"text-align:justify\">* <em>Por el cual se incorpora la Norma de Informaci\u00f3n Financiera NIIF 17, Contratos de Seguro, al Decreto \u00danico Reglamentario 2420 de 2015 y se dictan otras disposiciones.<\/em><\/p>\n\n\n\n<hr class=\"wp-block-separator has-alpha-channel-opacity\"\/>\n","protected":false},"excerpt":{"rendered":"<p>El Ministerio de Hacienda y Cr\u00e9dito P\u00fablico (Minhacienda) public\u00f3 para comentarios un proyecto de decreto que propone aplazar la entrada en vigor de la Norma Internacional de Informaci\u00f3n<\/p>\n","protected":false},"author":27935,"featured_media":3668,"comment_status":"open","ping_status":"open","sticky":false,"template":"","format":"standard","meta":{"footnotes":""},"categories":[13],"tags":[],"class_list":["post-3665","post","type-post","status-publish","format-standard","has-post-thumbnail","hentry","category-noticias"],"_links":{"self":[{"href":"https:\/\/incp.org.co\/agendatributariaincp\/wp-json\/wp\/v2\/posts\/3665","targetHints":{"allow":["GET"]}}],"collection":[{"href":"https:\/\/incp.org.co\/agendatributariaincp\/wp-json\/wp\/v2\/posts"}],"about":[{"href":"https:\/\/incp.org.co\/agendatributariaincp\/wp-json\/wp\/v2\/types\/post"}],"author":[{"embeddable":true,"href":"https:\/\/incp.org.co\/agendatributariaincp\/wp-json\/wp\/v2\/users\/27935"}],"replies":[{"embeddable":true,"href":"https:\/\/incp.org.co\/agendatributariaincp\/wp-json\/wp\/v2\/comments?post=3665"}],"version-history":[{"count":1,"href":"https:\/\/incp.org.co\/agendatributariaincp\/wp-json\/wp\/v2\/posts\/3665\/revisions"}],"predecessor-version":[{"id":3669,"href":"https:\/\/incp.org.co\/agendatributariaincp\/wp-json\/wp\/v2\/posts\/3665\/revisions\/3669"}],"wp:featuredmedia":[{"embeddable":true,"href":"https:\/\/incp.org.co\/agendatributariaincp\/wp-json\/wp\/v2\/media\/3668"}],"wp:attachment":[{"href":"https:\/\/incp.org.co\/agendatributariaincp\/wp-json\/wp\/v2\/media?parent=3665"}],"wp:term":[{"taxonomy":"category","embeddable":true,"href":"https:\/\/incp.org.co\/agendatributariaincp\/wp-json\/wp\/v2\/categories?post=3665"},{"taxonomy":"post_tag","embeddable":true,"href":"https:\/\/incp.org.co\/agendatributariaincp\/wp-json\/wp\/v2\/tags?post=3665"}],"curies":[{"name":"wp","href":"https:\/\/api.w.org\/{rel}","templated":true}]}}