{"id":3666,"date":"2025-10-15T09:58:00","date_gmt":"2025-10-15T14:58:00","guid":{"rendered":"https:\/\/incp.org.co\/agendatributariaincp\/?p=3666"},"modified":"2026-02-16T10:06:51","modified_gmt":"2026-02-16T15:06:51","slug":"dian-reglamentaria-el-procedimiento-para-declarar-y-pagar-el-impuesto-a-los-plasticos-de-un-solo-uso","status":"publish","type":"post","link":"https:\/\/incp.org.co\/agendatributariaincp\/noticias\/2025\/10\/dian-reglamentaria-el-procedimiento-para-declarar-y-pagar-el-impuesto-a-los-plasticos-de-un-solo-uso\/","title":{"rendered":"DIAN reglamentar\u00eda el procedimiento para declarar y pagar el impuesto a los pl\u00e1sticos de un solo uso"},"content":{"rendered":"\n<figure class=\"wp-block-embed is-type-video is-provider-youtube wp-block-embed-youtube wp-embed-aspect-16-9 wp-has-aspect-ratio\"><div class=\"wp-block-embed__wrapper\">\n<div class='embed-container'><iframe loading=\"lazy\" title=\"DIAN reglamentar\u00eda el procedimiento para declarar y pagar el impuesto a los pl\u00e1sticos de un solo uso\" width=\"1920\" height=\"1080\" src=\"https:\/\/www.youtube.com\/embed\/uSu95r6Qf0Y?feature=oembed\" frameborder=\"0\" allow=\"accelerometer; autoplay; clipboard-write; encrypted-media; gyroscope; picture-in-picture; web-share\" referrerpolicy=\"strict-origin-when-cross-origin\" allowfullscreen><\/iframe><\/div>\n<\/div><\/figure>\n\n\n\n<link href=\"https:\/\/cdnjs.cloudflare.com\/ajax\/libs\/font-awesome\/6.0.0-beta3\/css\/all.min.css\" rel=\"stylesheet\">\n<style> \n.container{\n  height: 200px;\n  position: relative;\n  border: 0px solid green;\n}\n\n.center{\n  margin: 0;\n  position: absolute;\n  top: 50%;\n  left: 50%;\n  -ms-transform: translate(-50%, -50%);\n  transform: translate(-50%, -50%);\n}\n.button {\n  background-color: #04AA6D;\n  border: none;\n  color: #04AA6D;;\n  padding: 16px 32px;\n  text-align: center;\n  text-decoration: none;\n  display: inline-block;\n  font-size: 16px;\n  margin: 4px 2px;\n  transition-duration: 0.4s;\n  cursor: pointer;\nborder-radius: 25px;\n}\n.button1 {\n  background-color: #04AA6D;\n  color: black; \n  border: 2px solid #04AA6D;\n}\n.button1:hover {\n  background-color: #04AA6D;;\n  color: white;\n}\n<\/style>\n<div class=\"container\">\n  <div class=\"center\">\n<a href=\"https:\/\/whatsapp.com\/channel\/0029Va8neTFCcW4h5pCJrM00\" target=\"_blank\" class=\"button button1\" rel=\"noopener\"> <i class=\"fa-brands fa-whatsapp\"><\/i>&nbsp;&nbsp;&nbsp;\u00danete a nuestro canal de whatsapp<\/a>\n <\/div>\n<\/div>\n\n\n\n<p style=\"text-align:justify\">La Direcci\u00f3n de Impuestos y Aduanas Nacionales (DIAN) public\u00f3 un proyecto de resoluci\u00f3n que propone reglamentar la liquidaci\u00f3n, declaraci\u00f3n y pago del impuesto nacional sobre productos pl\u00e1sticos de un solo uso, creado mediante la Ley 2277 de 2022 (reforma tributaria) *.<\/p>\n\n\n\n<p style=\"text-align:justify\">Este impuesto se enmarca en las pol\u00edticas fiscales y ambientales del Gobierno Nacional, las cuales buscan desincentivar el uso de pl\u00e1sticos de un solo uso \u2014tales como envases, empaques y embalajes\u2014 mediante instrumentos econ\u00f3micos que promuevan la sostenibilidad y la econom\u00eda circular.<\/p>\n\n\n\n<p>Entre los aspectos m\u00e1s relevantes que propone este proyecto se encuentran:<\/p>\n\n\n\n<p><strong>Alcance y sujetos pasivos<\/strong><\/p>\n\n\n\n<p style=\"text-align:justify\">El impuesto ser\u00eda declarado, liquidado y pagado por los importadores de productos pl\u00e1sticos de un solo uso al momento de la importaci\u00f3n o nacionalizaci\u00f3n, tanto si se destinan al consumo propio como a la comercializaci\u00f3n. Igualmente, deber\u00e1n declararlo y pagarlo quienes importen bienes que contengan envases, embalajes o empaques pl\u00e1sticos de \u00fanico uso.<\/p>\n\n\n\n<p><strong>C\u00e1lculo del impuesto<\/strong><\/p>\n\n\n\n<p>El valor del impuesto se determinar\u00eda en funci\u00f3n de la cantidad de pl\u00e1stico contenida en los productos.<\/p>\n\n\n\n<ul class=\"wp-block-list\">\n<li><p style=\"text-align:justify\">Base gravable: la suma del peso en gramos del material pl\u00e1stico del envase, empaque o embalaje de un solo uso.<\/p><\/li>\n\n\n\n<li>Tarifa: 0,00005 Unidades de Valor Tributario (UVT).<\/li>\n\n\n\n<li>F\u00f3rmula: impuesto = gramos de pl\u00e1stico \u00d7 tarifa.<\/li>\n<\/ul>\n\n\n\n<p><strong>Declaraci\u00f3n y pago<\/strong><\/p>\n\n\n\n<p>El impuesto se declarar\u00eda y pagar\u00eda en el momento de la importaci\u00f3n, integr\u00e1ndose al proceso aduanero.<\/p>\n\n\n\n<p>Los importadores diligenciar\u00edan los formularios oficiales prescritos por la DIAN:<\/p>\n\n\n\n<ul class=\"wp-block-list\">\n<li><p style=\"text-align:justify\">Formulario 505: para la declaraci\u00f3n del impuesto, donde se reporta la base gravable y el valor liquidado.<\/p><\/li>\n\n\n\n<li>Formulario 690: para realizar el pago del tributo.<\/li>\n<\/ul>\n\n\n\n<p>Ambos estar\u00e1n disponibles en los servicios inform\u00e1ticos de la DIAN.<\/p>\n\n\n\n<p><strong>Fechas de implementaci\u00f3n<\/strong><\/p>\n\n\n\n<p>La resoluci\u00f3n prev\u00e9 un periodo de transici\u00f3n antes de la aplicaci\u00f3n permanente del tributo:<\/p>\n\n\n\n<ul class=\"wp-block-list\">\n<li><p style=\"text-align:justify\">Importaciones entre el 1 de enero y el 31 de octubre de 2025: la declaraci\u00f3n y pago deber\u00e1 realizarse a m\u00e1s tardar el 17 de noviembre de 2025.<\/p><\/li>\n\n\n\n<li><p style=\"text-align:justify\">A partir del 1 de noviembre de 2025: el impuesto se declarar\u00e1 y pagar\u00e1 de manera inmediata con la importaci\u00f3n.<\/p><\/li>\n<\/ul>\n\n\n\n<p><strong>No causaci\u00f3n y exclusiones<\/strong><\/p>\n\n\n\n<p style=\"text-align:justify\">El proyecto establece que no estar\u00e1n gravados los productos se\u00f1alados en el par\u00e1grafo 5 del art\u00edculo 51 de la Ley 2232 de 2022**. De igual manera, no se causar\u00eda el impuesto sobre los gramos de pl\u00e1sticos cubiertos por el <a href=\"https:\/\/incp.org.co\/publicaciones\/infoincp-publicaciones\/impuestos\/nacionales\/2024\/08\/minhacienda-busca-reglamentar-la-no-causacion-del-impuesto-sobre-plasticos-de-un-solo-uso\/\">Certificado de Econom\u00eda Circular (CEC)<\/a> vigente al momento de la importaci\u00f3n. Este documento, expedido por el Ministerio de Ambiente y Desarrollo Sostenible, acredita que el producto o su empaque fue fabricado bajo principios de sostenibilidad, reciclaje o reutilizaci\u00f3n de materiales.<\/p>\n\n\n\n<p style=\"text-align:justify\">Los interesados en hacer comentarios al proyecto de resoluci\u00f3n podr\u00e1n hacerlo al correo <a href=\"mailto:sub_operacion_aduanera@dian.gov.co\">sub_operacion_aduanera@dian.gov.co<\/a> hasta el 17 de octubre de 2025.<\/p>\n\n\n\n<p>Para m\u00e1s informaci\u00f3n, consulte el proyecto de resoluci\u00f3n completo y sus anexos a continuaci\u00f3n.<\/p>\n\n\n\n<p>Ver: <a href=\"https:\/\/incp.org.co\/wp-content\/uploads\/2025\/10\/Proyecto-de-resolucion-plasticos-de-un-solo-uso-DIAN.pdf\">Proyecto de resoluci\u00f3n pl\u00e1sticos de un solo uso &#8211; DIAN<\/a><\/p>\n\n\n\n<p><strong>Redacci\u00f3n INCP<\/strong><\/p>\n\n\n\n<p style=\"text-align:justify\">* <em>Por medio de la cual se adopta una reforma tributaria para la igualdad y la justicia social y se dictan otras disposiciones.<\/em><\/p>\n\n\n\n<p style=\"text-align:justify\"><em>** Por la cual se establecen medidas tendientes a la reducci\u00f3n gradual de la producci\u00f3n y consumo de ciertos productos pl\u00e1sticos de un solo uso y se dictan otras disposiciones.<\/em> <em><\/em><\/p>\n\n\n\n<hr class=\"wp-block-separator has-alpha-channel-opacity\"\/>\n","protected":false},"excerpt":{"rendered":"<p>El proyecto establece que no estar\u00e1n gravados los productos se\u00f1alados en el par\u00e1grafo 5 del art\u00edculo 51 de la Ley 2232 de 2022**. De igual manera, no se causar\u00eda el impuesto sobre los gramos de pl\u00e1sticos cubiertos<\/p>\n","protected":false},"author":27935,"featured_media":3670,"comment_status":"open","ping_status":"open","sticky":false,"template":"","format":"standard","meta":{"footnotes":""},"categories":[13],"tags":[],"class_list":["post-3666","post","type-post","status-publish","format-standard","has-post-thumbnail","hentry","category-noticias"],"_links":{"self":[{"href":"https:\/\/incp.org.co\/agendatributariaincp\/wp-json\/wp\/v2\/posts\/3666","targetHints":{"allow":["GET"]}}],"collection":[{"href":"https:\/\/incp.org.co\/agendatributariaincp\/wp-json\/wp\/v2\/posts"}],"about":[{"href":"https:\/\/incp.org.co\/agendatributariaincp\/wp-json\/wp\/v2\/types\/post"}],"author":[{"embeddable":true,"href":"https:\/\/incp.org.co\/agendatributariaincp\/wp-json\/wp\/v2\/users\/27935"}],"replies":[{"embeddable":true,"href":"https:\/\/incp.org.co\/agendatributariaincp\/wp-json\/wp\/v2\/comments?post=3666"}],"version-history":[{"count":1,"href":"https:\/\/incp.org.co\/agendatributariaincp\/wp-json\/wp\/v2\/posts\/3666\/revisions"}],"predecessor-version":[{"id":3671,"href":"https:\/\/incp.org.co\/agendatributariaincp\/wp-json\/wp\/v2\/posts\/3666\/revisions\/3671"}],"wp:featuredmedia":[{"embeddable":true,"href":"https:\/\/incp.org.co\/agendatributariaincp\/wp-json\/wp\/v2\/media\/3670"}],"wp:attachment":[{"href":"https:\/\/incp.org.co\/agendatributariaincp\/wp-json\/wp\/v2\/media?parent=3666"}],"wp:term":[{"taxonomy":"category","embeddable":true,"href":"https:\/\/incp.org.co\/agendatributariaincp\/wp-json\/wp\/v2\/categories?post=3666"},{"taxonomy":"post_tag","embeddable":true,"href":"https:\/\/incp.org.co\/agendatributariaincp\/wp-json\/wp\/v2\/tags?post=3666"}],"curies":[{"name":"wp","href":"https:\/\/api.w.org\/{rel}","templated":true}]}}