{"id":3667,"date":"2025-10-15T09:57:00","date_gmt":"2025-10-15T14:57:00","guid":{"rendered":"https:\/\/incp.org.co\/agendatributariaincp\/?p=3667"},"modified":"2026-02-16T10:06:56","modified_gmt":"2026-02-16T15:06:56","slug":"minhacienda-ajustaria-el-regimen-de-retencion-en-la-fuente-para-pagos-electronicos","status":"publish","type":"post","link":"https:\/\/incp.org.co\/agendatributariaincp\/noticias\/2025\/10\/minhacienda-ajustaria-el-regimen-de-retencion-en-la-fuente-para-pagos-electronicos\/","title":{"rendered":"Minhacienda ajustar\u00eda el r\u00e9gimen de retenci\u00f3n en la fuente para pagos electr\u00f3nicos"},"content":{"rendered":"\n<figure class=\"wp-block-embed is-type-video is-provider-youtube wp-block-embed-youtube wp-embed-aspect-16-9 wp-has-aspect-ratio\"><div class=\"wp-block-embed__wrapper\">\n<div class='embed-container'><iframe loading=\"lazy\" title=\"Minhacienda ajustar\u00eda el r\u00e9gimen de retenci\u00f3n en la fuente para pagos electr\u00f3nicos\" width=\"1920\" height=\"1080\" src=\"https:\/\/www.youtube.com\/embed\/oG_rDwGIFts?feature=oembed\" frameborder=\"0\" allow=\"accelerometer; autoplay; clipboard-write; encrypted-media; gyroscope; picture-in-picture; web-share\" referrerpolicy=\"strict-origin-when-cross-origin\" allowfullscreen><\/iframe><\/div>\n<\/div><\/figure>\n\n\n\n<link href=\"https:\/\/cdnjs.cloudflare.com\/ajax\/libs\/font-awesome\/6.0.0-beta3\/css\/all.min.css\" rel=\"stylesheet\">\n<style> \n.container{\n  height: 200px;\n  position: relative;\n  border: 0px solid green;\n}\n\n.center{\n  margin: 0;\n  position: absolute;\n  top: 50%;\n  left: 50%;\n  -ms-transform: translate(-50%, -50%);\n  transform: translate(-50%, -50%);\n}\n.button {\n  background-color: #04AA6D;\n  border: none;\n  color: #04AA6D;;\n  padding: 16px 32px;\n  text-align: center;\n  text-decoration: none;\n  display: inline-block;\n  font-size: 16px;\n  margin: 4px 2px;\n  transition-duration: 0.4s;\n  cursor: pointer;\nborder-radius: 25px;\n}\n.button1 {\n  background-color: #04AA6D;\n  color: black; \n  border: 2px solid #04AA6D;\n}\n.button1:hover {\n  background-color: #04AA6D;;\n  color: white;\n}\n<\/style>\n<div class=\"container\">\n  <div class=\"center\">\n<a href=\"https:\/\/whatsapp.com\/channel\/0029Va8neTFCcW4h5pCJrM00\" target=\"_blank\" class=\"button button1\" rel=\"noopener\"> <i class=\"fa-brands fa-whatsapp\"><\/i>&nbsp;&nbsp;&nbsp;\u00danete a nuestro canal de whatsapp<\/a>\n <\/div>\n<\/div>\n\n\n\n<p style=\"text-align:justify\">El Ministerio de Hacienda y Cr\u00e9dito P\u00fablico (Minhacienda) present\u00f3 un proyecto de decreto que propone eliminar el tratamiento diferenciado en la tarifa de retenci\u00f3n en la fuente entre los pagos electr\u00f3nicos y los pagos realizados con tarjetas de cr\u00e9dito o d\u00e9bito.<\/p>\n\n\n\n<p style=\"text-align:justify\">La iniciativa responde a la evoluci\u00f3n de los sistemas de pago electr\u00f3nico, que hoy incluyen modalidades como transferencias electr\u00f3nicas, tarjetas digitales y pagos mediante c\u00f3digo QR, los cuales no estaban sujetos a retenci\u00f3n, a diferencia de los pagos efectuados con tarjetas tradicionales, gravados con una tarifa del 1,5 %.<\/p>\n\n\n\n<p>Entre las principales modificaciones que propone este proyecto se destacan:<\/p>\n\n\n\n<ul class=\"wp-block-list\">\n<li><p style=\"text-align:justify\">La adici\u00f3n de los pagos o abonos en cuenta, susceptibles de constituir ingreso tributario, los cuales se realicen a trav\u00e9s de instrumentos de pagos electr\u00f3nicos, como movimientos sujetos a retenci\u00f3n en la fuente a la tarifa del 1.5%.<\/p><\/li>\n\n\n\n<li><p style=\"text-align:justify\">Hay que precisar que las entidades emisoras de tarjetas de cr\u00e9dito y d\u00e9bito deber\u00e1n practicar retenci\u00f3n por concepto del impuesto sobre las ventas (IVA) tambi\u00e9n en las operaciones realizadas a trav\u00e9s de instrumentos de pago electr\u00f3nicos cuando estas no se realicen por intermedio de entidades adquirientes o pagadoras descritas en los numerales 2 y 3 del art\u00edculo 2.17.1.1.1. del Decreto 2555 de 2010**.<\/p><\/li>\n\n\n\n<li><p style=\"text-align:justify\">Trasladar la obligaci\u00f3n de la entidades emisoras de tarjetas de cr\u00e9dito y d\u00e9bito de practicar la retenci\u00f3n en la fuente a la tarifa del 1.5 % hacia los adquirientes, quienes pasar\u00edan a ser los responsables de efectuar dicha retenci\u00f3n sobre los pagos o abonos en cuenta susceptibles de constituir ingreso tributario para los contribuyentes del impuesto sobre la renta.<\/p><\/li>\n\n\n\n<li><p style=\"text-align:justify\">Excepci\u00f3n para personas naturales no responsables de IVA: los pagos que constituyan ingreso tributario a favor de personas naturales no responsables del IVA estar\u00e1n exentos de retenci\u00f3n en la fuente, conforme al art\u00edculo 401-4 del Estatuto Tributario.<\/p><\/li>\n<\/ul>\n\n\n\n<p style=\"text-align:justify\">Los interesados en comentar este proyecto de decreto pueden hacerlo por medio del siguiente <a href=\"https:\/\/www.minhacienda.gov.co\/web\/forms\/shared\/-\/form\/2817338\">formulario<\/a> hasta el 25 de octubre de 2025.<\/p>\n\n\n\n<p>Para m\u00e1s informaci\u00f3n, consulte el proyecto decreto completo a continuaci\u00f3n.<\/p>\n\n\n\n<p>Ver: <a href=\"https:\/\/incp.org.co\/wp-content\/uploads\/2025\/10\/Proyecto-decreto-Minhacienda.pdf\">Proyecto decreto &#8211; Minhacienda<\/a><\/p>\n\n\n\n<p><strong>Redacci\u00f3n INCP<\/strong><\/p>\n\n\n\n<p>* <em>Por medio del cual se expide el Decreto \u00danico Reglamentario en materia tributaria.<\/em><\/p>\n\n\n\n<p style=\"text-align:justify\"><em>** Por el cual se recogen y reexpiden las normas en materia del sector financiero, asegurador y del mercado de valores y se dictan otras disposiciones.<\/em><\/p>\n\n\n\n<hr class=\"wp-block-separator has-alpha-channel-opacity\"\/>\n","protected":false},"excerpt":{"rendered":"<p>&nbsp;&nbsp;&nbsp;\u00danete a nuestro canal de whatsapp El Ministerio de Hacienda y Cr\u00e9dito P\u00fablico (Minhacienda) present\u00f3 un proyecto de decreto que propone eliminar el tratamiento diferenciado en la tarifa de retenci\u00f3n en la fuente entre los pagos electr\u00f3nicos y los pagos realizados con tarjetas de cr\u00e9dito o d\u00e9bito. La iniciativa responde a la evoluci\u00f3n de los&hellip; <br \/> <a class=\"read-more\" href=\"https:\/\/incp.org.co\/agendatributariaincp\/noticias\/2025\/10\/minhacienda-ajustaria-el-regimen-de-retencion-en-la-fuente-para-pagos-electronicos\/\">Read more<\/a><\/p>\n","protected":false},"author":27935,"featured_media":3672,"comment_status":"open","ping_status":"open","sticky":false,"template":"","format":"standard","meta":{"footnotes":""},"categories":[13],"tags":[],"class_list":["post-3667","post","type-post","status-publish","format-standard","has-post-thumbnail","hentry","category-noticias"],"_links":{"self":[{"href":"https:\/\/incp.org.co\/agendatributariaincp\/wp-json\/wp\/v2\/posts\/3667","targetHints":{"allow":["GET"]}}],"collection":[{"href":"https:\/\/incp.org.co\/agendatributariaincp\/wp-json\/wp\/v2\/posts"}],"about":[{"href":"https:\/\/incp.org.co\/agendatributariaincp\/wp-json\/wp\/v2\/types\/post"}],"author":[{"embeddable":true,"href":"https:\/\/incp.org.co\/agendatributariaincp\/wp-json\/wp\/v2\/users\/27935"}],"replies":[{"embeddable":true,"href":"https:\/\/incp.org.co\/agendatributariaincp\/wp-json\/wp\/v2\/comments?post=3667"}],"version-history":[{"count":1,"href":"https:\/\/incp.org.co\/agendatributariaincp\/wp-json\/wp\/v2\/posts\/3667\/revisions"}],"predecessor-version":[{"id":3673,"href":"https:\/\/incp.org.co\/agendatributariaincp\/wp-json\/wp\/v2\/posts\/3667\/revisions\/3673"}],"wp:featuredmedia":[{"embeddable":true,"href":"https:\/\/incp.org.co\/agendatributariaincp\/wp-json\/wp\/v2\/media\/3672"}],"wp:attachment":[{"href":"https:\/\/incp.org.co\/agendatributariaincp\/wp-json\/wp\/v2\/media?parent=3667"}],"wp:term":[{"taxonomy":"category","embeddable":true,"href":"https:\/\/incp.org.co\/agendatributariaincp\/wp-json\/wp\/v2\/categories?post=3667"},{"taxonomy":"post_tag","embeddable":true,"href":"https:\/\/incp.org.co\/agendatributariaincp\/wp-json\/wp\/v2\/tags?post=3667"}],"curies":[{"name":"wp","href":"https:\/\/api.w.org\/{rel}","templated":true}]}}