{"id":3684,"date":"2025-10-23T10:10:00","date_gmt":"2025-10-23T15:10:00","guid":{"rendered":"https:\/\/incp.org.co\/agendatributariaincp\/?p=3684"},"modified":"2026-02-16T10:06:41","modified_gmt":"2026-02-16T15:06:41","slug":"entidades-publicas-tendran-acceso-a-mas-informacion-del-rut","status":"publish","type":"post","link":"https:\/\/incp.org.co\/agendatributariaincp\/noticias\/2025\/10\/entidades-publicas-tendran-acceso-a-mas-informacion-del-rut\/","title":{"rendered":"Entidades p\u00fablicas tendr\u00e1n acceso a m\u00e1s informaci\u00f3n del RUT"},"content":{"rendered":"\n<figure class=\"wp-block-embed is-type-video is-provider-youtube wp-block-embed-youtube wp-embed-aspect-16-9 wp-has-aspect-ratio\"><div class=\"wp-block-embed__wrapper\">\n<div class='embed-container'><iframe loading=\"lazy\" title=\"Entidades p\u00fablicas tendr\u00e1n acceso a m\u00e1s informaci\u00f3n del RUT\" width=\"1920\" height=\"1080\" src=\"https:\/\/www.youtube.com\/embed\/wPmTn8iuN3w?feature=oembed\" frameborder=\"0\" allow=\"accelerometer; autoplay; clipboard-write; encrypted-media; gyroscope; picture-in-picture; web-share\" referrerpolicy=\"strict-origin-when-cross-origin\" allowfullscreen><\/iframe><\/div>\n<\/div><\/figure>\n\n\n\n<link href=\"https:\/\/cdnjs.cloudflare.com\/ajax\/libs\/font-awesome\/6.0.0-beta3\/css\/all.min.css\" rel=\"stylesheet\">\n<style> \n.container{\n  height: 200px;\n  position: relative;\n  border: 0px solid green;\n}\n\n.center{\n  margin: 0;\n  position: absolute;\n  top: 50%;\n  left: 50%;\n  -ms-transform: translate(-50%, -50%);\n  transform: translate(-50%, -50%);\n}\n.button {\n  background-color: #04AA6D;\n  border: none;\n  color: #04AA6D;;\n  padding: 16px 32px;\n  text-align: center;\n  text-decoration: none;\n  display: inline-block;\n  font-size: 16px;\n  margin: 4px 2px;\n  transition-duration: 0.4s;\n  cursor: pointer;\nborder-radius: 25px;\n}\n.button1 {\n  background-color: #04AA6D;\n  color: black; \n  border: 2px solid #04AA6D;\n}\n.button1:hover {\n  background-color: #04AA6D;;\n  color: white;\n}\n<\/style>\n<div class=\"container\">\n  <div class=\"center\">\n<a href=\"https:\/\/whatsapp.com\/channel\/0029Va8neTFCcW4h5pCJrM00\" target=\"_blank\" class=\"button button1\" rel=\"noopener\"> <i class=\"fa-brands fa-whatsapp\"><\/i>&nbsp;&nbsp;&nbsp;\u00danete a nuestro canal de whatsapp<\/a>\n <\/div>\n<\/div>\n\n\n\n<p style=\"text-align:justify\">El Ministerio de Hacienda y Cr\u00e9dito P\u00fablico (Minhacienda) expidi\u00f3 el 15 de octubre el Decreto 1066 de 2025*, mediante el cual se modifica el Decreto 1625 de 2016**, \u00danico Reglamentario en materia tributaria, con el fin de ampliar la informaci\u00f3n del Registro \u00danico Tributario (RUT) que puede ser compartida con entidades p\u00fablicas y particulares que ejerzan funciones p\u00fablicas.<\/p>\n\n\n\n<p style=\"text-align:justify\">Esta medida busca actualizar el alcance de lo dispuesto en el art\u00edculo 63 del Decreto Ley 019 de 2012***, el cual autoriza el uso de la informaci\u00f3n contenida en el RUT para el ejercicio de funciones p\u00fablicas garantizando las condiciones de reserva, manejo y salvaguarda de los datos.<\/p>\n\n\n\n<p style=\"text-align:justify\">Con la nueva disposici\u00f3n, adem\u00e1s de los datos b\u00e1sicos de identificaci\u00f3n y ubicaci\u00f3n (NIT, raz\u00f3n social, correo electr\u00f3nico, tel\u00e9fono y c\u00f3digos CIIU), tambi\u00e9n podr\u00e1n ser compartidos otros elementos relevantes del registro, entre ellos la informaci\u00f3n sobre representantes legales, actividad econ\u00f3mica, ejercicio profesional, calidad de comerciante y responsabilidades tributarias, salvo la correspondiente al impuesto al patrimonio.<\/p>\n\n\n\n<p style=\"text-align:justify\">Este decreto responde a las necesidades identificadas en las mesas t\u00e9cnicas \u2018Colombia Destino Inversi\u00f3n\u2019, lideradas por la Superintendencia Financiera, donde se plante\u00f3 la conveniencia de facilitar el acceso a las responsabilidades tributarias de los contribuyentes, en especial para mejorar la pr\u00e1ctica de la retenci\u00f3n en la fuente por parte de los agentes retenedores.<\/p>\n\n\n\n<p style=\"text-align:justify\">El Decreto 1066 de 2025 entr\u00f3 en vigencia el pasado 16 de octubre buscando fortalecer la interoperabilidad y transparencia en el intercambio de informaci\u00f3n tributaria entre entidades p\u00fablicas, sin comprometer la confidencialidad ni el adecuado manejo de los datos del RUT.<\/p>\n\n\n\n<p>Para m\u00e1s informaci\u00f3n consulte el documento a continuaci\u00f3n.<\/p>\n\n\n\n<p>Ver: <a href=\"https:\/\/incp.org.co\/wp-content\/uploads\/2025\/10\/Decreto-1066-de-2025-Minhacienda.pdf\">Decreto 1066 de 2025 &#8211; Minhacienda<\/a><\/p>\n\n\n\n<p><strong>Redacci\u00f3n INCP<\/strong><\/p>\n\n\n\n<p style=\"text-align:justify\">* <em>Por el cual se modifica el par\u00e1grafo 2 del art\u00edculo 1.6.1.2.5. del Decreto 1625 de 2016, \u00danico Reglamentario en Materia Tributaria, en lo relacionado con la informaci\u00f3n del Registro \u00danico Tributario -RUT que puede ser compartida para el ejercicio de funciones p\u00fablicas.<\/em><\/p>\n\n\n\n<p><em>** Por medio del cual se expide el Decreto \u00danico Reglamentario en materia tributaria.<\/em><\/p>\n\n\n\n<p style=\"text-align:justify\"><em>*** Por el cual se dictan normas para suprimir o reformar regulaciones, procedimientos y tr\u00e1mites innecesarios existentes en la Administraci\u00f3n P\u00fablica.<\/em><\/p>\n\n\n\n<hr class=\"wp-block-separator has-alpha-channel-opacity\"\/>\n","protected":false},"excerpt":{"rendered":"<p>El Ministerio de Hacienda y Cr\u00e9dito P\u00fablico (Minhacienda) expidi\u00f3 el 15 de octubre el Decreto 1066 de 2025*, mediante el cual se modifica el Decreto 1625 de 2016**, \u00danico Reglamentario en materia<\/p>\n","protected":false},"author":27935,"featured_media":3685,"comment_status":"open","ping_status":"open","sticky":false,"template":"","format":"standard","meta":{"footnotes":""},"categories":[13],"tags":[],"class_list":["post-3684","post","type-post","status-publish","format-standard","has-post-thumbnail","hentry","category-noticias"],"_links":{"self":[{"href":"https:\/\/incp.org.co\/agendatributariaincp\/wp-json\/wp\/v2\/posts\/3684","targetHints":{"allow":["GET"]}}],"collection":[{"href":"https:\/\/incp.org.co\/agendatributariaincp\/wp-json\/wp\/v2\/posts"}],"about":[{"href":"https:\/\/incp.org.co\/agendatributariaincp\/wp-json\/wp\/v2\/types\/post"}],"author":[{"embeddable":true,"href":"https:\/\/incp.org.co\/agendatributariaincp\/wp-json\/wp\/v2\/users\/27935"}],"replies":[{"embeddable":true,"href":"https:\/\/incp.org.co\/agendatributariaincp\/wp-json\/wp\/v2\/comments?post=3684"}],"version-history":[{"count":1,"href":"https:\/\/incp.org.co\/agendatributariaincp\/wp-json\/wp\/v2\/posts\/3684\/revisions"}],"predecessor-version":[{"id":3686,"href":"https:\/\/incp.org.co\/agendatributariaincp\/wp-json\/wp\/v2\/posts\/3684\/revisions\/3686"}],"wp:featuredmedia":[{"embeddable":true,"href":"https:\/\/incp.org.co\/agendatributariaincp\/wp-json\/wp\/v2\/media\/3685"}],"wp:attachment":[{"href":"https:\/\/incp.org.co\/agendatributariaincp\/wp-json\/wp\/v2\/media?parent=3684"}],"wp:term":[{"taxonomy":"category","embeddable":true,"href":"https:\/\/incp.org.co\/agendatributariaincp\/wp-json\/wp\/v2\/categories?post=3684"},{"taxonomy":"post_tag","embeddable":true,"href":"https:\/\/incp.org.co\/agendatributariaincp\/wp-json\/wp\/v2\/tags?post=3684"}],"curies":[{"name":"wp","href":"https:\/\/api.w.org\/{rel}","templated":true}]}}