{"id":3689,"date":"2025-10-29T09:59:00","date_gmt":"2025-10-29T14:59:00","guid":{"rendered":"https:\/\/incp.org.co\/agendatributariaincp\/?p=3689"},"modified":"2026-02-16T10:01:52","modified_gmt":"2026-02-16T15:01:52","slug":"participe-en-la-rendicion-de-cuentas-de-la-dian-2024-2025","status":"publish","type":"post","link":"https:\/\/incp.org.co\/agendatributariaincp\/noticias\/2025\/10\/participe-en-la-rendicion-de-cuentas-de-la-dian-2024-2025\/","title":{"rendered":"Participe en la rendici\u00f3n de cuentas de la DIAN 2024 &#8211; 2025"},"content":{"rendered":"\n<link href=\"https:\/\/cdnjs.cloudflare.com\/ajax\/libs\/font-awesome\/6.0.0-beta3\/css\/all.min.css\" rel=\"stylesheet\">\n<style> \n.container{\n  height: 200px;\n  position: relative;\n  border: 0px solid green;\n}\n\n.center{\n  margin: 0;\n  position: absolute;\n  top: 50%;\n  left: 50%;\n  -ms-transform: translate(-50%, -50%);\n  transform: translate(-50%, -50%);\n}\n.button {\n  background-color: #04AA6D;\n  border: none;\n  color: #04AA6D;;\n  padding: 16px 32px;\n  text-align: center;\n  text-decoration: none;\n  display: inline-block;\n  font-size: 16px;\n  margin: 4px 2px;\n  transition-duration: 0.4s;\n  cursor: pointer;\nborder-radius: 25px;\n}\n.button1 {\n  background-color: #04AA6D;\n  color: black; \n  border: 2px solid #04AA6D;\n}\n.button1:hover {\n  background-color: #04AA6D;;\n  color: white;\n}\n<\/style>\n<div class=\"container\">\n  <div class=\"center\">\n<a href=\"https:\/\/whatsapp.com\/channel\/0029Va8neTFCcW4h5pCJrM00\" target=\"_blank\" class=\"button button1\" rel=\"noopener\"> <i class=\"fa-brands fa-whatsapp\"><\/i>&nbsp;&nbsp;&nbsp;\u00danete a nuestro canal de whatsapp<\/a>\n <\/div>\n<\/div>\n\n\n\n\n<p style=\"text-align:justify\">La Direcci\u00f3n de Impuestos y Aduanas Nacionales (DIAN) inici\u00f3 su proceso de rendici\u00f3n de cuentas correspondiente al per\u00edodo 2024 y 2025.<\/p>\n\n\n\n<p style=\"text-align:justify\">Dicho proceso se desarrollar\u00e1 en tres etapas y busca promover un di\u00e1logo abierto entre la entidad y la ciudadan\u00eda, incluyendo a gremios, veedur\u00edas y organizaciones sociales, con el prop\u00f3sito de fortalecer la confianza y la corresponsabilidad en la gesti\u00f3n tributaria, aduanera y cambiaria del pa\u00eds.<\/p>\n\n\n\n<p style=\"text-align:justify\">Como primer paso, la DIAN dispuso para consulta p\u00fablica el <a href=\"https:\/\/www.dian.gov.co\/dian\/rendicioncuentas\/RendicionCuentasCiudadania\/RendicionCuentas2025\/Informe-de-gestion-Rendicion-de-Cuentas-2024-2025.pdf\">informe de gesti\u00f3n para la rendici\u00f3n de cuentas 2024 &#8211; 2025<\/a>, documento que recopila los principales logros, resultados y retos alcanzados por la entidad en el cumplimiento de sus funciones. Este informe servir\u00e1 de base para una participaci\u00f3n informada en las siguientes etapas del proceso.<\/p>\n\n\n\n<p style=\"text-align:justify\">En una segunda fase, la entidad habilitar\u00e1 una encuesta en l\u00ednea para que la ciudadan\u00eda defina los ejes tem\u00e1ticos de mayor inter\u00e9s (impuestos, aduanas, cambios y tecnolog\u00eda) y formule preguntas que ser\u00e1n respondidas por los directivos de la DIAN durante la audiencia p\u00fablica. Las personas interesadas en participar de esta segunda fase podr\u00e1n diligenciar el siguiente <a href=\"https:\/\/forms.office.com\/r\/6WFC8UYBBh\">formulario<\/a> antes del jueves 27 de noviembre de 2025.<\/p>\n\n\n\n<p style=\"text-align:justify\">La tercera fase consistir\u00e1 en la audiencia p\u00fablica de rendici\u00f3n de cuentas de 2024 &#8211; 2025, la cual se llevar\u00e1 a cabo de forma virtual el jueves 27 de noviembre de 2025, de 9:00 a.m. a 10:00 a.m. con transmisi\u00f3n en vivo a trav\u00e9s de las redes sociales oficiales de la DIAN. En este espacio, el director general de la DIAN presentar\u00e1 el balance final de gesti\u00f3n y responder\u00e1 las principales inquietudes ciudadanas.<\/p>\n\n\n\n<p><strong>Redacci\u00f3n INCP<\/strong><\/p>\n\n\n\n<hr class=\"wp-block-separator has-alpha-channel-opacity\"\/>\n\n\n\n<p><a id=\"_msocom_1\"><\/a><\/p>\n","protected":false},"excerpt":{"rendered":"<p>La Direcci\u00f3n de Impuestos y Aduanas Nacionales (DIAN) inici\u00f3 su proceso de rendici\u00f3n de cuentas correspondiente al per\u00edodo 2024 y 2025.<\/p>\n","protected":false},"author":27935,"featured_media":3693,"comment_status":"open","ping_status":"open","sticky":false,"template":"","format":"standard","meta":{"footnotes":""},"categories":[13],"tags":[],"class_list":["post-3689","post","type-post","status-publish","format-standard","has-post-thumbnail","hentry","category-noticias"],"_links":{"self":[{"href":"https:\/\/incp.org.co\/agendatributariaincp\/wp-json\/wp\/v2\/posts\/3689","targetHints":{"allow":["GET"]}}],"collection":[{"href":"https:\/\/incp.org.co\/agendatributariaincp\/wp-json\/wp\/v2\/posts"}],"about":[{"href":"https:\/\/incp.org.co\/agendatributariaincp\/wp-json\/wp\/v2\/types\/post"}],"author":[{"embeddable":true,"href":"https:\/\/incp.org.co\/agendatributariaincp\/wp-json\/wp\/v2\/users\/27935"}],"replies":[{"embeddable":true,"href":"https:\/\/incp.org.co\/agendatributariaincp\/wp-json\/wp\/v2\/comments?post=3689"}],"version-history":[{"count":1,"href":"https:\/\/incp.org.co\/agendatributariaincp\/wp-json\/wp\/v2\/posts\/3689\/revisions"}],"predecessor-version":[{"id":3694,"href":"https:\/\/incp.org.co\/agendatributariaincp\/wp-json\/wp\/v2\/posts\/3689\/revisions\/3694"}],"wp:featuredmedia":[{"embeddable":true,"href":"https:\/\/incp.org.co\/agendatributariaincp\/wp-json\/wp\/v2\/media\/3693"}],"wp:attachment":[{"href":"https:\/\/incp.org.co\/agendatributariaincp\/wp-json\/wp\/v2\/media?parent=3689"}],"wp:term":[{"taxonomy":"category","embeddable":true,"href":"https:\/\/incp.org.co\/agendatributariaincp\/wp-json\/wp\/v2\/categories?post=3689"},{"taxonomy":"post_tag","embeddable":true,"href":"https:\/\/incp.org.co\/agendatributariaincp\/wp-json\/wp\/v2\/tags?post=3689"}],"curies":[{"name":"wp","href":"https:\/\/api.w.org\/{rel}","templated":true}]}}