{"id":4224,"date":"2026-04-10T15:17:08","date_gmt":"2026-04-10T20:17:08","guid":{"rendered":"https:\/\/incp.org.co\/agendatributariaincp\/?p=4224"},"modified":"2026-04-20T15:54:15","modified_gmt":"2026-04-20T20:54:15","slug":"consejo-de-estado-alcance-del-cobro-coactivo-de-obligaciones-tributarias","status":"publish","type":"post","link":"https:\/\/incp.org.co\/agendatributariaincp\/noticias\/2026\/04\/consejo-de-estado-alcance-del-cobro-coactivo-de-obligaciones-tributarias\/","title":{"rendered":"Consejo de Estado: alcance del cobro coactivo de obligaciones tributarias"},"content":{"rendered":"\n<link href=\"https:\/\/cdnjs.cloudflare.com\/ajax\/libs\/font-awesome\/6.0.0-beta3\/css\/all.min.css\" rel=\"stylesheet\">\n<style> \n.container{\n  height: 200px;\n  position: relative;\n  border: 0px solid green;\n}\n\n.center{\n  margin: 0;\n  position: absolute;\n  top: 50%;\n  left: 50%;\n  -ms-transform: translate(-50%, -50%);\n  transform: translate(-50%, -50%);\n}\n.button {\n  background-color: #04AA6D;\n  border: none;\n  color: #04AA6D;;\n  padding: 16px 32px;\n  text-align: center;\n  text-decoration: none;\n  display: inline-block;\n  font-size: 16px;\n  margin: 4px 2px;\n  transition-duration: 0.4s;\n  cursor: pointer;\nborder-radius: 25px;\n}\n.button1 {\n  background-color: #04AA6D;\n  color: black; \n  border: 2px solid #04AA6D;\n}\n.button1:hover {\n  background-color: #04AA6D;;\n  color: white;\n}\n<\/style>\n<div class=\"container\">\n  <div class=\"center\">\n<a href=\"https:\/\/whatsapp.com\/channel\/0029Va8neTFCcW4h5pCJrM00\" target=\"_blank\" class=\"button button1\"> <i class=\"fa-brands fa-whatsapp\"><\/i>&nbsp;&nbsp;&nbsp;\u00danete a nuestro canal de whatsapp<\/a>\n <\/div>\n<\/div>\n\n\n\n<p>El Consejo de Estado, mediante la Sentencia 29114 del 26 de marzo de 2026, precis\u00f3 que, en el proceso de cobro coactivo no es posible cuestionar la legalidad de los actos administrativos que dan origen a la obligaci\u00f3n tributaria. Asimismo, indic\u00f3 que la falta de vinculaci\u00f3n de deudores solidarios no constituye una causal para invalidar dicho proceso.<\/p>\n\n\n\n<p>La Consejo reiter\u00f3 que el cobro coactivo tiene como finalidad hacer exigibles obligaciones previamente definidas en actos administrativos en firme, por lo cual, no constituye una instancia para reabrir el debate sobre la determinaci\u00f3n del tributo.<\/p>\n\n\n\n<p>En ese sentido, reiter\u00f3 que, una vez existe un t\u00edtulo ejecutivo en firme y se notifica el mandamiento de pago, el contribuyente solo puede oponerse al cobro mediante las excepciones expresamente previstas en el art\u00edculo 831 del Estatuto Tributario sin que sea procedente plantear discusiones de fondo sobre la legalidad o determinaci\u00f3n de la obligaci\u00f3n tributaria.<\/p>\n\n\n\n<p>Las mencionadas excepciones son las siguientes:<\/p>\n\n\n\n<ol start=\"1\" class=\"wp-block-list\">\n<li>Pago efectivo \u2192 la obligaci\u00f3n ya fue cancelada.<\/li>\n\n\n\n<li>Acuerdo de pago \u2192 existe un acuerdo vigente que suspende el cobro.<\/li>\n\n\n\n<li>Falta de ejecutoria del t\u00edtulo \u2192 el acto no est\u00e1 en firme.<\/li>\n\n\n\n<li>P\u00e9rdida de ejecutoria \u2192 el acto perdi\u00f3 validez (revocado o suspendido).<\/li>\n\n\n\n<li>Demanda ante lo contencioso \u2192 existe proceso judicial que afecta la exigibilidad.<\/li>\n\n\n\n<li>Prescripci\u00f3n \u2192 pas\u00f3 el t\u00e9rmino de 5 a\u00f1os para cobrar.<\/li>\n\n\n\n<li>Falta de t\u00edtulo o incompetencia \u2192 el cobro no tiene sustento v\u00e1lido.<\/li>\n<\/ol>\n\n\n\n<p>Asimismo, respecto de los deudores solidarios, el Consejo de Estado indic\u00f3 que su vinculaci\u00f3n debe realizarse en la etapa de determinaci\u00f3n de la obligaci\u00f3n. No obstante, la falta de dicha vinculaci\u00f3n no afecta la validez del cobro coactivo frente al deudor principal ni la ejecutoriedad del t\u00edtulo, aunque s\u00ed impide que este sea oponible al deudor solidario que no fue vinculado.<\/p>\n\n\n\n<p>En materia de prescripci\u00f3n, se precis\u00f3 que el t\u00e9rmino de 5 a\u00f1os se cuenta desde la ejecutoria del acto administrativo que fija la obligaci\u00f3n y se interrumpe con la notificaci\u00f3n del mandamiento de pago.<\/p>\n\n\n\n<p>Ver:<a href=\"https:\/\/incp.org.co\/agendatributariaincp\/wp-content\/uploads\/2026\/04\/Sentencia-29114-del-26-de-marzo-de-2026.pdf\" data-type=\"link\" data-id=\"https:\/\/incp.org.co\/agendatributariaincp\/wp-content\/uploads\/2026\/04\/Sentencia-29114-del-26-de-marzo-de-2026.pdf\"> Sentencia 29114 del 26 de marzo de 2026<\/a><\/p>\n\n\n\n<p><strong>Redacci\u00f3n INCP<\/strong><\/p>\n\n\n\n<p><\/p>\n","protected":false},"excerpt":{"rendered":"<p>&nbsp;&nbsp;&nbsp;\u00danete a nuestro canal de whatsapp El Consejo de Estado, mediante la Sentencia 29114 del 26 de marzo de 2026, precis\u00f3 que, en el proceso de cobro coactivo no es posible cuestionar la legalidad de los actos administrativos que dan origen a la obligaci\u00f3n tributaria. Asimismo, indic\u00f3 que la falta de vinculaci\u00f3n de deudores solidarios&hellip; <br \/> <a class=\"read-more\" href=\"https:\/\/incp.org.co\/agendatributariaincp\/noticias\/2026\/04\/consejo-de-estado-alcance-del-cobro-coactivo-de-obligaciones-tributarias\/\">Read more<\/a><\/p>\n","protected":false},"author":27928,"featured_media":4226,"comment_status":"open","ping_status":"open","sticky":false,"template":"","format":"standard","meta":{"footnotes":""},"categories":[13],"tags":[],"class_list":["post-4224","post","type-post","status-publish","format-standard","has-post-thumbnail","hentry","category-noticias"],"_links":{"self":[{"href":"https:\/\/incp.org.co\/agendatributariaincp\/wp-json\/wp\/v2\/posts\/4224","targetHints":{"allow":["GET"]}}],"collection":[{"href":"https:\/\/incp.org.co\/agendatributariaincp\/wp-json\/wp\/v2\/posts"}],"about":[{"href":"https:\/\/incp.org.co\/agendatributariaincp\/wp-json\/wp\/v2\/types\/post"}],"author":[{"embeddable":true,"href":"https:\/\/incp.org.co\/agendatributariaincp\/wp-json\/wp\/v2\/users\/27928"}],"replies":[{"embeddable":true,"href":"https:\/\/incp.org.co\/agendatributariaincp\/wp-json\/wp\/v2\/comments?post=4224"}],"version-history":[{"count":2,"href":"https:\/\/incp.org.co\/agendatributariaincp\/wp-json\/wp\/v2\/posts\/4224\/revisions"}],"predecessor-version":[{"id":4227,"href":"https:\/\/incp.org.co\/agendatributariaincp\/wp-json\/wp\/v2\/posts\/4224\/revisions\/4227"}],"wp:featuredmedia":[{"embeddable":true,"href":"https:\/\/incp.org.co\/agendatributariaincp\/wp-json\/wp\/v2\/media\/4226"}],"wp:attachment":[{"href":"https:\/\/incp.org.co\/agendatributariaincp\/wp-json\/wp\/v2\/media?parent=4224"}],"wp:term":[{"taxonomy":"category","embeddable":true,"href":"https:\/\/incp.org.co\/agendatributariaincp\/wp-json\/wp\/v2\/categories?post=4224"},{"taxonomy":"post_tag","embeddable":true,"href":"https:\/\/incp.org.co\/agendatributariaincp\/wp-json\/wp\/v2\/tags?post=4224"}],"curies":[{"name":"wp","href":"https:\/\/api.w.org\/{rel}","templated":true}]}}