{"id":4229,"date":"2026-04-13T15:25:51","date_gmt":"2026-04-13T20:25:51","guid":{"rendered":"https:\/\/incp.org.co\/agendatributariaincp\/?p=4229"},"modified":"2026-04-20T15:53:23","modified_gmt":"2026-04-20T20:53:23","slug":"corte-constitucional-declaro-inexequible-el-decreto-legislativo-1390-de-2025","status":"publish","type":"post","link":"https:\/\/incp.org.co\/agendatributariaincp\/sin-categoria\/2026\/04\/corte-constitucional-declaro-inexequible-el-decreto-legislativo-1390-de-2025\/","title":{"rendered":"Corte Constitucional declar\u00f3 inexequible el Decreto Legislativo 1390 de 2025"},"content":{"rendered":"\n<link href=\"https:\/\/cdnjs.cloudflare.com\/ajax\/libs\/font-awesome\/6.0.0-beta3\/css\/all.min.css\" rel=\"stylesheet\">\n<style> \n.container{\n  height: 200px;\n  position: relative;\n  border: 0px solid green;\n}\n\n.center{\n  margin: 0;\n  position: absolute;\n  top: 50%;\n  left: 50%;\n  -ms-transform: translate(-50%, -50%);\n  transform: translate(-50%, -50%);\n}\n.button {\n  background-color: #04AA6D;\n  border: none;\n  color: #04AA6D;;\n  padding: 16px 32px;\n  text-align: center;\n  text-decoration: none;\n  display: inline-block;\n  font-size: 16px;\n  margin: 4px 2px;\n  transition-duration: 0.4s;\n  cursor: pointer;\nborder-radius: 25px;\n}\n.button1 {\n  background-color: #04AA6D;\n  color: black; \n  border: 2px solid #04AA6D;\n}\n.button1:hover {\n  background-color: #04AA6D;;\n  color: white;\n}\n<\/style>\n<div class=\"container\">\n  <div class=\"center\">\n<a href=\"https:\/\/whatsapp.com\/channel\/0029Va8neTFCcW4h5pCJrM00\" target=\"_blank\" class=\"button button1\"> <i class=\"fa-brands fa-whatsapp\"><\/i>&nbsp;&nbsp;&nbsp;\u00danete a nuestro canal de whatsapp<\/a>\n <\/div>\n<\/div>\n\n\n\n<p>El 9 de abril de 2026, mediante comunicado de prensa, la Corte Constitucional inform\u00f3 que declar\u00f3 inexequible el Decreto Legislativo 1390 del 22 de diciembre de 2025 (Sentencia C-075 de 2026), por medio del cual se declar\u00f3 estado de emergencia econ\u00f3mica y social en Colombia.<\/p>\n\n\n\n<p>La Corte concluy\u00f3 que los hechos invocados para sustentar dicha declaratoria no cumpl\u00edan con los requisitos constitucionales de ser sobrevinientes, extraordinarios e imprevisibles. En particular, se\u00f1al\u00f3 que razones como necesidades fiscales, obligaciones judiciales, restricciones presupuestales o la no aprobaci\u00f3n de reformas tributarias corresponden a situaciones estructurales y previsibles, las cuales deben atenderse a trav\u00e9s de los mecanismos ordinarios de pol\u00edtica p\u00fablica y legislativa.<\/p>\n\n\n\n<p>Asimismo, indic\u00f3 que algunos de los hechos alegados, como los problemas de seguridad, no son propios de un estado de emergencia econ\u00f3mica, sino de otras figuras constitucionales (por ejemplo, conmoci\u00f3n interior). En esa misma l\u00ednea, reiter\u00f3 que la no aprobaci\u00f3n de una ley de financiamiento hace parte del debate democr\u00e1tico y no constituye un hecho extraordinario.<\/p>\n\n\n\n<p>Como consecuencia de esta decisi\u00f3n, el Decreto Legislativo 1390 de 2025 qued\u00f3 sin efectos jur\u00eddicos al ser retirado del ordenamiento jur\u00eddico colombiano, impactando las medidas adoptadas en su desarrollo. En particular, los Decretos Legislativos 1474 de 2025<a href=\"#_ftn1\" id=\"_ftnref1\">[1]<\/a> y 044<a href=\"#_ftn2\" id=\"_ftnref2\">[2]<\/a> de 2026 continuar\u00e1n sin producir efectos mientras la Corte adopta una decisi\u00f3n definitiva sobre su constitucionalidad.<\/p>\n\n\n\n<p>Finalmente, la Corte precis\u00f3 que esta decisi\u00f3n no afecta la emergencia econ\u00f3mica, social y ecol\u00f3gica declarada el 11 de febrero de 2026 (Decreto 150 de 2026), ni las medidas tributarias posteriores establecidas en el marco de dicha emergencia: impuesto al patrimonio para personas jur\u00eddicas y alivios tributarios transitorios, entre otros.<\/p>\n\n\n\n<p>Para m\u00e1s detalles, consulte los documentos a continuaci\u00f3n.<\/p>\n\n\n\n<p>Ver: <a href=\"https:\/\/www.corteconstitucional.gov.co\/secretaria\/expediente?proceso=11&amp;expediente=RE0000387\">Sentencia C-075 de 2026<\/a><\/p>\n\n\n\n<p>Ver: <a href=\"https:\/\/youtu.be\/jIyjbvH9gB4?si=cyRC9t6NaW8eaa9W\">Transmisi\u00f3n de prensa Corte Constitucional<\/a><\/p>\n\n\n\n<hr class=\"wp-block-separator has-alpha-channel-opacity\"\/>\n\n\n\n<p><a href=\"#_ftnref1\" id=\"_ftn1\">[1]<\/a> <em>Por el cual se adoptan medidas tributarias destinadas a atender los gastos del Presupuesto General de la Naci\u00f3n necesarios para hacer frente al Estado de Emergencia declarado por el Decreto 1390 de 2025.<\/em><\/p>\n\n\n\n<p><a href=\"#_ftnref2\" id=\"_ftn2\">[2]<\/a><em> Por el cual se adoptan medidas para propender por la prestaci\u00f3n del servicio p\u00fablico domiciliario de energ\u00eda el\u00e9ctrica en el marco del Estado de Emergencia Econ\u00f3mica y Social<\/em><\/p>\n","protected":false},"excerpt":{"rendered":"<p>&nbsp;&nbsp;&nbsp;\u00danete a nuestro canal de whatsapp El 9 de abril de 2026, mediante comunicado de prensa, la Corte Constitucional inform\u00f3 que declar\u00f3 inexequible el Decreto Legislativo 1390 del 22 de diciembre de 2025 (Sentencia C-075 de 2026), por medio del cual se declar\u00f3 estado de emergencia econ\u00f3mica y social en Colombia. La Corte concluy\u00f3 que&hellip; <br \/> <a class=\"read-more\" href=\"https:\/\/incp.org.co\/agendatributariaincp\/sin-categoria\/2026\/04\/corte-constitucional-declaro-inexequible-el-decreto-legislativo-1390-de-2025\/\">Read more<\/a><\/p>\n","protected":false},"author":27928,"featured_media":4230,"comment_status":"open","ping_status":"open","sticky":false,"template":"","format":"standard","meta":{"footnotes":""},"categories":[13],"tags":[],"class_list":["post-4229","post","type-post","status-publish","format-standard","has-post-thumbnail","hentry","category-noticias"],"_links":{"self":[{"href":"https:\/\/incp.org.co\/agendatributariaincp\/wp-json\/wp\/v2\/posts\/4229","targetHints":{"allow":["GET"]}}],"collection":[{"href":"https:\/\/incp.org.co\/agendatributariaincp\/wp-json\/wp\/v2\/posts"}],"about":[{"href":"https:\/\/incp.org.co\/agendatributariaincp\/wp-json\/wp\/v2\/types\/post"}],"author":[{"embeddable":true,"href":"https:\/\/incp.org.co\/agendatributariaincp\/wp-json\/wp\/v2\/users\/27928"}],"replies":[{"embeddable":true,"href":"https:\/\/incp.org.co\/agendatributariaincp\/wp-json\/wp\/v2\/comments?post=4229"}],"version-history":[{"count":2,"href":"https:\/\/incp.org.co\/agendatributariaincp\/wp-json\/wp\/v2\/posts\/4229\/revisions"}],"predecessor-version":[{"id":4232,"href":"https:\/\/incp.org.co\/agendatributariaincp\/wp-json\/wp\/v2\/posts\/4229\/revisions\/4232"}],"wp:featuredmedia":[{"embeddable":true,"href":"https:\/\/incp.org.co\/agendatributariaincp\/wp-json\/wp\/v2\/media\/4230"}],"wp:attachment":[{"href":"https:\/\/incp.org.co\/agendatributariaincp\/wp-json\/wp\/v2\/media?parent=4229"}],"wp:term":[{"taxonomy":"category","embeddable":true,"href":"https:\/\/incp.org.co\/agendatributariaincp\/wp-json\/wp\/v2\/categories?post=4229"},{"taxonomy":"post_tag","embeddable":true,"href":"https:\/\/incp.org.co\/agendatributariaincp\/wp-json\/wp\/v2\/tags?post=4229"}],"curies":[{"name":"wp","href":"https:\/\/api.w.org\/{rel}","templated":true}]}}