{"id":4237,"date":"2026-04-16T15:36:07","date_gmt":"2026-04-16T20:36:07","guid":{"rendered":"https:\/\/incp.org.co\/agendatributariaincp\/?p=4237"},"modified":"2026-04-20T15:50:59","modified_gmt":"2026-04-20T20:50:59","slug":"dian-prescribiria-el-formulario-no-445-para-declarar-el-impuesto-complementario-de-normalizacion-tributaria","status":"publish","type":"post","link":"https:\/\/incp.org.co\/agendatributariaincp\/noticias\/2026\/04\/dian-prescribiria-el-formulario-no-445-para-declarar-el-impuesto-complementario-de-normalizacion-tributaria\/","title":{"rendered":"DIAN prescribir\u00eda el Formulario No. 445 para declarar el impuesto complementario de normalizaci\u00f3n tributaria"},"content":{"rendered":"\n<link href=\"https:\/\/cdnjs.cloudflare.com\/ajax\/libs\/font-awesome\/6.0.0-beta3\/css\/all.min.css\" rel=\"stylesheet\">\n<style> \n.container{\n  height: 200px;\n  position: relative;\n  border: 0px solid green;\n}\n\n.center{\n  margin: 0;\n  position: absolute;\n  top: 50%;\n  left: 50%;\n  -ms-transform: translate(-50%, -50%);\n  transform: translate(-50%, -50%);\n}\n.button {\n  background-color: #04AA6D;\n  border: none;\n  color: #04AA6D;;\n  padding: 16px 32px;\n  text-align: center;\n  text-decoration: none;\n  display: inline-block;\n  font-size: 16px;\n  margin: 4px 2px;\n  transition-duration: 0.4s;\n  cursor: pointer;\nborder-radius: 25px;\n}\n.button1 {\n  background-color: #04AA6D;\n  color: black; \n  border: 2px solid #04AA6D;\n}\n.button1:hover {\n  background-color: #04AA6D;;\n  color: white;\n}\n<\/style>\n<div class=\"container\">\n  <div class=\"center\">\n<a href=\"https:\/\/whatsapp.com\/channel\/0029Va8neTFCcW4h5pCJrM00\" target=\"_blank\" class=\"button button1\"> <i class=\"fa-brands fa-whatsapp\"><\/i>&nbsp;&nbsp;&nbsp;\u00danete a nuestro canal de whatsapp<\/a>\n <\/div>\n<\/div>\n\n\n\n<p><strong>DIAN prescribir\u00eda el Formulario No. 445 para declarar el impuesto complementario de normalizaci\u00f3n tributaria<\/strong><\/p>\n\n\n\n<p>La Direcci\u00f3n de Impuestos y Aduanas Nacionales (DIAN) public\u00f3 un proyecto de resoluci\u00f3n mediante el cual adicionar\u00eda el art\u00edculo 1.2.2.40 a la Resoluci\u00f3n 000227 de 2025<a href=\"#_ftn1\" id=\"_ftnref1\">[1]<\/a>, con el fin de prescribir el Formulario No. 445 <em>&#8211; Declaraci\u00f3n Impuesto Complementario de Normalizaci\u00f3n Tributaria<\/em> para el a\u00f1o gravable 2026.<\/p>\n\n\n\n<p>Recordemos que este impuesto se cre\u00f3 mediante el <a href=\"https:\/\/incp.org.co\/publicaciones\/infoincp-publicaciones\/impuestos\/2026\/03\/conozca-las-nuevas-medidas-tributarias-adoptadas-por-el-gobierno-nacional\/\">Decreto No. 240 del 12 de marzo de 2026<\/a><a href=\"#_ftn2\" id=\"_ftnref2\">[2]<\/a>, en el marco de la emergencia econ\u00f3mica, social y ecol\u00f3gica declarada por el Decreto 150 del 11 de febrero de 2026.<\/p>\n\n\n\n<p>De acuerdo con el proyecto, el Formulario No. 445 deber\u00e1 ser utilizado por los contribuyentes del impuesto sobre la renta y complementarios o de reg\u00edmenes sustitutivos que tengan activos omitidos o pasivos inexistentes a 1 de abril de 2026. La declaraci\u00f3n se presentar\u00eda y liquidar\u00eda de forma virtual, a trav\u00e9s de los <a href=\"https:\/\/muisca.dian.gov.co\/WebIdentidadLogin\/?ideRequest=eyJjbGllbnRJZCI6IldvMGFLQWxCN3ZSUF8xNmZyUEkxeDlacGhCRWEiLCJyZWRpcmVjdF91cmkiOiJodHRwOi8vbXVpc2NhLmRpYW4uZ292LmNvL0lkZW50aWRhZFJlc3RfTG9naW5GaWx0cm8vYXBpL3N0cy92MS9hdXRoL2NhbGxiYWNrP3JlZGlyZWN0X3VyaT1odHRwJTNBJTJGJTJGbXVpc2NhLmRpYW4uZ292LmNvJTJGV2ViQXJxdWl0ZWN0dXJhJTJGRGVmTG9naW4uZmFjZXMiLCJyZXNwb25zZVR5cGUiOiIiLCJzY29wZSI6IiIsInN0YXRlIjoiIiwibm9uY2UiOiIiLCJwYXJhbXMiOnsidGlwb1VzdWFyaW8iOiJtdWlzY2EifX0%3D\">servicios inform\u00e1ticos de la DIAN<\/a> , a m\u00e1s tardar el 31 de julio de 2026.<\/p>\n\n\n\n<p>El instructivo del formulario se\u00f1ala que la base gravable incluir\u00eda, entre otros conceptos, los activos omitidos y pasivos inexistente tanto en el pa\u00eds como en el exterior, as\u00ed como los activos saneados. Sobre esa base se aplicar\u00eda una tarifa del 19 % para determinar el impuesto a cargo.<\/p>\n\n\n\n<p>Usted puede enviar sus comentarios a este proyecto de resoluci\u00f3n hasta el 24 de abril de 2026 al siguiente correo electr\u00f3nico: <a href=\"mailto:comentarios_formularios_oficiales@dian.gov.co\">comentarios_formularios_oficiales@dian.gov.co<\/a>.<\/p>\n\n\n\n<p>Para m\u00e1s detalles, consulte el documento adjunto.<\/p>\n\n\n\n<p>Ver: <a href=\"https:\/\/incp.org.co\/agendatributariaincp\/wp-content\/uploads\/2026\/04\/Proyecto-de-Resolucion-Formulario-No.-445-\u2013-DIAN.pdf\" data-type=\"link\" data-id=\"https:\/\/incp.org.co\/agendatributariaincp\/wp-content\/uploads\/2026\/04\/Proyecto-de-Resolucion-Formulario-No.-445-\u2013-DIAN.pdf\">Proyecto de Resoluci\u00f3n Formulario No. 445 \u2013 DIAN<\/a><\/p>\n\n\n\n<p><strong>Redacci\u00f3n INCP<\/strong><\/p>\n\n\n\n<hr class=\"wp-block-separator has-alpha-channel-opacity\"\/>\n\n\n\n<p><a href=\"#_ftnref1\" id=\"_ftn1\">[1]<\/a> <em>Resoluci\u00f3n \u00danica en Materia Tributaria, Aduanera y Cambiaria.<\/em><\/p>\n\n\n\n<p><a href=\"#_ftnref2\" id=\"_ftn2\">[2]<\/a> <em>Por el cual se adoptan medidas tributarias adicionales destinadas a atender los gastos del Presupuesto General de la Naci\u00f3n necesarios para hacer frente al estado de emergencia declarado mediante el Decreto 150 del 11 de febrero de 2026.<\/em><\/p>\n\n\n\n<p><\/p>\n","protected":false},"excerpt":{"rendered":"<p>&nbsp;&nbsp;&nbsp;\u00danete a nuestro canal de whatsapp DIAN prescribir\u00eda el Formulario No. 445 para declarar el impuesto complementario de normalizaci\u00f3n tributaria La Direcci\u00f3n de Impuestos y Aduanas Nacionales (DIAN) public\u00f3 un proyecto de resoluci\u00f3n mediante el cual adicionar\u00eda el art\u00edculo 1.2.2.40 a la Resoluci\u00f3n 000227 de 2025[1], con el fin de prescribir el Formulario No. 445&hellip; <br \/> <a class=\"read-more\" href=\"https:\/\/incp.org.co\/agendatributariaincp\/noticias\/2026\/04\/dian-prescribiria-el-formulario-no-445-para-declarar-el-impuesto-complementario-de-normalizacion-tributaria\/\">Read more<\/a><\/p>\n","protected":false},"author":27928,"featured_media":4242,"comment_status":"open","ping_status":"open","sticky":false,"template":"","format":"standard","meta":{"footnotes":""},"categories":[13],"tags":[],"class_list":["post-4237","post","type-post","status-publish","format-standard","has-post-thumbnail","hentry","category-noticias"],"_links":{"self":[{"href":"https:\/\/incp.org.co\/agendatributariaincp\/wp-json\/wp\/v2\/posts\/4237","targetHints":{"allow":["GET"]}}],"collection":[{"href":"https:\/\/incp.org.co\/agendatributariaincp\/wp-json\/wp\/v2\/posts"}],"about":[{"href":"https:\/\/incp.org.co\/agendatributariaincp\/wp-json\/wp\/v2\/types\/post"}],"author":[{"embeddable":true,"href":"https:\/\/incp.org.co\/agendatributariaincp\/wp-json\/wp\/v2\/users\/27928"}],"replies":[{"embeddable":true,"href":"https:\/\/incp.org.co\/agendatributariaincp\/wp-json\/wp\/v2\/comments?post=4237"}],"version-history":[{"count":3,"href":"https:\/\/incp.org.co\/agendatributariaincp\/wp-json\/wp\/v2\/posts\/4237\/revisions"}],"predecessor-version":[{"id":4241,"href":"https:\/\/incp.org.co\/agendatributariaincp\/wp-json\/wp\/v2\/posts\/4237\/revisions\/4241"}],"wp:featuredmedia":[{"embeddable":true,"href":"https:\/\/incp.org.co\/agendatributariaincp\/wp-json\/wp\/v2\/media\/4242"}],"wp:attachment":[{"href":"https:\/\/incp.org.co\/agendatributariaincp\/wp-json\/wp\/v2\/media?parent=4237"}],"wp:term":[{"taxonomy":"category","embeddable":true,"href":"https:\/\/incp.org.co\/agendatributariaincp\/wp-json\/wp\/v2\/categories?post=4237"},{"taxonomy":"post_tag","embeddable":true,"href":"https:\/\/incp.org.co\/agendatributariaincp\/wp-json\/wp\/v2\/tags?post=4237"}],"curies":[{"name":"wp","href":"https:\/\/api.w.org\/{rel}","templated":true}]}}