{"id":4257,"date":"2026-04-27T10:26:15","date_gmt":"2026-04-27T15:26:15","guid":{"rendered":"https:\/\/incp.org.co\/agendatributariaincp\/?p=4257"},"modified":"2026-04-28T10:26:26","modified_gmt":"2026-04-28T15:26:26","slug":"dian-aclaro-que-las-rentas-exentas-de-la-economia-naranja-si-deben-incluirse-en-el-calculo-de-la-tasa-minima-de-tributacion","status":"publish","type":"post","link":"https:\/\/incp.org.co\/agendatributariaincp\/noticias\/2026\/04\/dian-aclaro-que-las-rentas-exentas-de-la-economia-naranja-si-deben-incluirse-en-el-calculo-de-la-tasa-minima-de-tributacion\/","title":{"rendered":"DIAN aclar\u00f3 que las rentas exentas de la econom\u00eda naranja s\u00ed deben incluirse en el c\u00e1lculo de la tasa m\u00ednima de tributaci\u00f3n"},"content":{"rendered":"\n<p>La Direcci\u00f3n de Impuestos y Aduanas Nacionales (DIAN), mediante el Concepto No. 418 de 2026, precis\u00f3 que las rentas exentas del numeral 1 del art\u00edculo 235-2 del Estatuto Tributario (E.T.), correspondientes a determinadas actividades de la econom\u00eda naranja, s\u00ed deben incluirse en el c\u00e1lculo de la tasa m\u00ednima de tributaci\u00f3n.<\/p>\n\n\n\n<p>De acuerdo con la autoridad tributaria, la tasa m\u00ednima de tributaci\u00f3n prevista en el par\u00e1grafo 6 del art\u00edculo 240 del E.T. se determina a partir de la utilidad depurada (UD), para cuyo c\u00e1lculo solo pueden restarse las rentas exentas expresamente se\u00f1aladas en esa disposici\u00f3n. En ese listado se incluyen las rentas exentas por aplicaci\u00f3n de tratados para evitar la doble imposici\u00f3n, las percibidas por el r\u00e9gimen de compa\u00f1\u00edas holding colombianas y ciertas rentas externas del art\u00edculo 235-2, pero no las relacionadas con actividades de la econom\u00eda naranja.<\/p>\n\n\n\n<p>En consecuencia, la DIAN concluy\u00f3 que las rentas exentas del numeral 1 del art\u00edculo 235-2 del E.T. no pueden restarse de la utilidad contable para calcular la UD, por lo que deben tenerse en cuenta en la determinaci\u00f3n de la Tasa de Tributaci\u00f3n Depurada (TTD).<\/p>\n\n\n\n<p>Para m\u00e1s detalles, consulte el documento adjunto.<\/p>\n\n\n\n<p><strong><a href=\"https:\/\/incp.org.co\/wp-content\/uploads\/2026\/04\/Concepto20No.2041820de20202620C3A2C280C29320DIAN.pdf\" target=\"_blank\" rel=\"noreferrer noopener\">Ver: Concepto No. 418 de 2026 \u2013 DIAN<\/a><\/strong><\/p>\n\n\n\n<p><strong>Redacci\u00f3n INCP<\/strong><\/p>\n\n\n\n<p><\/p>\n","protected":false},"excerpt":{"rendered":"<p>La Direcci\u00f3n de Impuestos y Aduanas Nacionales (DIAN), mediante el Concepto No. 418 de 2026, precis\u00f3 que las rentas exentas del numeral 1 del art\u00edculo 235-2 del Estatuto Tributario (E.T.), correspondientes a determinadas actividades de la econom\u00eda naranja, s\u00ed deben incluirse en el c\u00e1lculo de la tasa m\u00ednima de tributaci\u00f3n. De acuerdo con la autoridad&hellip; <br \/> <a class=\"read-more\" href=\"https:\/\/incp.org.co\/agendatributariaincp\/noticias\/2026\/04\/dian-aclaro-que-las-rentas-exentas-de-la-economia-naranja-si-deben-incluirse-en-el-calculo-de-la-tasa-minima-de-tributacion\/\">Read more<\/a><\/p>\n","protected":false},"author":27928,"featured_media":4258,"comment_status":"open","ping_status":"open","sticky":false,"template":"","format":"standard","meta":{"footnotes":""},"categories":[13],"tags":[],"class_list":["post-4257","post","type-post","status-publish","format-standard","has-post-thumbnail","hentry","category-noticias"],"_links":{"self":[{"href":"https:\/\/incp.org.co\/agendatributariaincp\/wp-json\/wp\/v2\/posts\/4257","targetHints":{"allow":["GET"]}}],"collection":[{"href":"https:\/\/incp.org.co\/agendatributariaincp\/wp-json\/wp\/v2\/posts"}],"about":[{"href":"https:\/\/incp.org.co\/agendatributariaincp\/wp-json\/wp\/v2\/types\/post"}],"author":[{"embeddable":true,"href":"https:\/\/incp.org.co\/agendatributariaincp\/wp-json\/wp\/v2\/users\/27928"}],"replies":[{"embeddable":true,"href":"https:\/\/incp.org.co\/agendatributariaincp\/wp-json\/wp\/v2\/comments?post=4257"}],"version-history":[{"count":1,"href":"https:\/\/incp.org.co\/agendatributariaincp\/wp-json\/wp\/v2\/posts\/4257\/revisions"}],"predecessor-version":[{"id":4259,"href":"https:\/\/incp.org.co\/agendatributariaincp\/wp-json\/wp\/v2\/posts\/4257\/revisions\/4259"}],"wp:featuredmedia":[{"embeddable":true,"href":"https:\/\/incp.org.co\/agendatributariaincp\/wp-json\/wp\/v2\/media\/4258"}],"wp:attachment":[{"href":"https:\/\/incp.org.co\/agendatributariaincp\/wp-json\/wp\/v2\/media?parent=4257"}],"wp:term":[{"taxonomy":"category","embeddable":true,"href":"https:\/\/incp.org.co\/agendatributariaincp\/wp-json\/wp\/v2\/categories?post=4257"},{"taxonomy":"post_tag","embeddable":true,"href":"https:\/\/incp.org.co\/agendatributariaincp\/wp-json\/wp\/v2\/tags?post=4257"}],"curies":[{"name":"wp","href":"https:\/\/api.w.org\/{rel}","templated":true}]}}