{"id":973,"date":"2023-04-21T08:57:06","date_gmt":"2023-04-21T13:57:06","guid":{"rendered":"https:\/\/incp.org.co\/agendatributariaincp\/?p=973"},"modified":"2023-04-21T08:57:07","modified_gmt":"2023-04-21T13:57:07","slug":"dian-realizo-una-segunda-adicion-al-concepto-general-sobre-procedimiento-tributario","status":"publish","type":"post","link":"https:\/\/incp.org.co\/agendatributariaincp\/noticias\/2023\/04\/dian-realizo-una-segunda-adicion-al-concepto-general-sobre-procedimiento-tributario\/","title":{"rendered":"DIAN realiz\u00f3 una segunda adici\u00f3n al concepto general sobre procedimiento tributario"},"content":{"rendered":"\n<p>Por medio del Oficio 3896 de 2023, la Direcci\u00f3n de Impuestos y Aduanas Nacionales (DIAN) realiz\u00f3 una segunda adici\u00f3n al <a href=\"https:\/\/incp.org.co\/concepto-de-la-dian-sobre-procedimiento-tributario-con-motivo-de-la-ley-2277-de-2022\/\">Concepto General<\/a> en materia de procedimiento tributario, respondiendo a inquietudes con relaci\u00f3n a la interpretaci\u00f3n y aplicaci\u00f3n de algunas disposiciones de la Ley 2277 de 2022. Entre los interrogantes resueltos se encuentran los siguientes:<\/p>\n\n\n\n<p><strong>\u00bfQu\u00e9 debe entenderse por \u00abdato\u00bb para efectos del literal d) del numeral 1 del art\u00edculo 651 del Estatuto Tributario (E.T.)?<\/strong> La DIAN indic\u00f3 que \u00abdato\u00bb se refiere, para efectos de la sanci\u00f3n por no enviar informaci\u00f3n, al tipo de documento (de la persona natural o jur\u00eddica de la que se solicita informaci\u00f3n), n\u00famero de documento de identificaci\u00f3n, apellidos y nombres o raz\u00f3n social y direcci\u00f3n.<\/p>\n\n\n\n<p><strong>Si se corrige una declaraci\u00f3n de activos en el exterior hasta el 1 de abril de 2023 \u00bfes posible acceder al tratamiento de que trata el par\u00e1grafo transitorio del art\u00edculo 651 del E.T.?<\/strong> Recordemos que el par\u00e1grafo transitorio expresa que quienes hayan cometido la infracci\u00f3n de no enviar informaci\u00f3n -o enviarla con errores- y que no hayan recibido una notificaci\u00f3n formal del proceso sancionatorio, pod\u00edan corregir o enmendar la informaci\u00f3n presentada hasta el 1 de abril de 2023 y se les aplicar\u00eda la sanci\u00f3n del par\u00e1grafo 1 del art\u00edculo 651 del E.T. reducida al 5 %. Por lo tanto, la DIAN se\u00f1al\u00f3 que los contribuyentes que hayan corregido la declaraci\u00f3n en cuesti\u00f3n antes de la notificaci\u00f3n del pliego de cargos y hasta el 1 de abril, pod\u00edan tener derecho a la aplicaci\u00f3n del tratamiento mencionado anteriormente.<\/p>\n\n\n\n<p><strong>Si se presenta de manera extempor\u00e1nea una declaraci\u00f3n de activos en el exterior hasta el 1 de abril de 2023 \u00bfes posible acceder al tratamiento de que trata el par\u00e1grafo transitorio del art\u00edculo 651 del E.T?<\/strong> La DIAN manifest\u00f3 que no es posible acceder al tratamiento del par\u00e1grafo transitorio del art\u00edculo 651 del E.T. por cuanto la sanci\u00f3n aplicable a la declaraci\u00f3n extempor\u00e1nea corresponde a la contemplada en el art\u00edculo 641 del E. T., la cual expresa que por cada mes o fracci\u00f3n de mes calendario de retardo la sanci\u00f3n ser\u00e1 de 0.5 % del valor de los activos pose\u00eddos en el exterior si esta se presenta antes del emplazamiento previo por no declarar; de lo contrario, la sanci\u00f3n ser\u00e1 equivalente al 1 % del valor de los activos pose\u00eddos en el exterior.<\/p>\n\n\n\n<p>Finalmente, cabe se\u00f1alar que el art\u00edculo 93 de la Ley 2277 contempla unas reducciones a las sanciones derivadas por la no presentaci\u00f3n de declaraciones, por lo tanto, el contribuyente deber\u00e1 examinar -en su caso particular- si cumple los requisitos previstos en el citado art\u00edculo y as\u00ed aplicar o no las reducciones.<\/p>\n\n\n\n<p>Ver: <a href=\"https:\/\/incp.org.co\/wp-content\/uploads\/2023\/04\/Oficio-3896-de-2023-DIAN.pdf\" target=\"_blank\" rel=\"noreferrer noopener\">Oficio 3896 de 2023 &#8211; DIAN<\/a><\/p>\n\n\n\n<p><strong>Redacci\u00f3n INCP<\/strong><\/p>\n","protected":false},"excerpt":{"rendered":"<p>Por medio del Oficio 3896 de 2023, la Direcci\u00f3n de Impuestos y Aduanas Nacionales (DIAN) realiz\u00f3 una segunda adici\u00f3n al Concepto General en materia de procedimiento tributario, respondiendo a inquietudes con relaci\u00f3n a la interpretaci\u00f3n y aplicaci\u00f3n de algunas disposiciones de la Ley 2277 de 2022. Entre los interrogantes resueltos se encuentran los siguientes: \u00bfQu\u00e9&hellip; <br \/> <a class=\"read-more\" href=\"https:\/\/incp.org.co\/agendatributariaincp\/noticias\/2023\/04\/dian-realizo-una-segunda-adicion-al-concepto-general-sobre-procedimiento-tributario\/\">Read more<\/a><\/p>\n","protected":false},"author":17760,"featured_media":974,"comment_status":"open","ping_status":"open","sticky":false,"template":"","format":"standard","meta":{"footnotes":""},"categories":[13],"tags":[],"class_list":["post-973","post","type-post","status-publish","format-standard","has-post-thumbnail","hentry","category-noticias"],"_links":{"self":[{"href":"https:\/\/incp.org.co\/agendatributariaincp\/wp-json\/wp\/v2\/posts\/973","targetHints":{"allow":["GET"]}}],"collection":[{"href":"https:\/\/incp.org.co\/agendatributariaincp\/wp-json\/wp\/v2\/posts"}],"about":[{"href":"https:\/\/incp.org.co\/agendatributariaincp\/wp-json\/wp\/v2\/types\/post"}],"author":[{"embeddable":true,"href":"https:\/\/incp.org.co\/agendatributariaincp\/wp-json\/wp\/v2\/users\/17760"}],"replies":[{"embeddable":true,"href":"https:\/\/incp.org.co\/agendatributariaincp\/wp-json\/wp\/v2\/comments?post=973"}],"version-history":[{"count":1,"href":"https:\/\/incp.org.co\/agendatributariaincp\/wp-json\/wp\/v2\/posts\/973\/revisions"}],"predecessor-version":[{"id":975,"href":"https:\/\/incp.org.co\/agendatributariaincp\/wp-json\/wp\/v2\/posts\/973\/revisions\/975"}],"wp:featuredmedia":[{"embeddable":true,"href":"https:\/\/incp.org.co\/agendatributariaincp\/wp-json\/wp\/v2\/media\/974"}],"wp:attachment":[{"href":"https:\/\/incp.org.co\/agendatributariaincp\/wp-json\/wp\/v2\/media?parent=973"}],"wp:term":[{"taxonomy":"category","embeddable":true,"href":"https:\/\/incp.org.co\/agendatributariaincp\/wp-json\/wp\/v2\/categories?post=973"},{"taxonomy":"post_tag","embeddable":true,"href":"https:\/\/incp.org.co\/agendatributariaincp\/wp-json\/wp\/v2\/tags?post=973"}],"curies":[{"name":"wp","href":"https:\/\/api.w.org\/{rel}","templated":true}]}}