{"id":1673,"date":"2021-06-28T19:50:37","date_gmt":"2021-06-29T00:50:37","guid":{"rendered":"https:\/\/incp.org.co\/revista-el-contador-publico\/?p=1673"},"modified":"2023-03-29T17:19:30","modified_gmt":"2023-03-29T22:19:30","slug":"contabilidad-o-impuestos-basados-en-el-sistema-de-caja","status":"publish","type":"post","link":"https:\/\/incp.org.co\/revista-el-contador-publico\/vision-experta\/2021\/06\/contabilidad-o-impuestos-basados-en-el-sistema-de-caja\/","title":{"rendered":"Contabilidad o impuestos basados en  el sistema de caja"},"content":{"rendered":"<p style=\"text-align: center;\">Por Diego Charry Mej\u00eda<\/p>\n<p>El pasado 31 de diciembre de 2020 se expidi\u00f3 la Ley 2069, conocida tambi\u00e9n como Ley de Emprendimiento, la cual \u2212en su art\u00edculo 8\u2212 establece la posibilidad de que el Gobierno pueda autorizar a algunas empresas a manejar sistema de contabilidad de caja, frente a lo cual no podemos dejar pasar la oportunidad para efectuar algunos comentarios.<\/p>\n<p>Primero, se debe resaltar que frente a la modificaci\u00f3n del art\u00edculo 2 de la Ley 1314, actualiza una norma que hab\u00eda sido derogada impl\u00edcitamente al ser derogado el art\u00edculo 499 del ETN; por esta raz\u00f3n, el Gobierno nacional &nbsp;le hizo llegar al Consejo T\u00e9cnico de la Contadur\u00eda P\u00fablica (CTCP) el texto para iniciar el tr\u00e1mite de estudio y discusi\u00f3n p\u00fablica por el organismo normalizador, para que posteriormente les haga llegar a los ministerios su posici\u00f3n frente a esta posibilidad.<\/p>\n<p>Por otro lado, recordemos que para la construcci\u00f3n del marco t\u00e9cnico normativo para las microempresas que conforman el grupo 3, una de las bases fueron las Directrices para la Contabilidad e Informaci\u00f3n Financiera de las Peque\u00f1as y Medianas Empresas<a href=\"#_ftn1\" name=\"_ftnref1\">[1]<\/a> (documento ISAR: Intergovermental Working Group of Experts on International Standards of Accounting and Reporting), la cual contiene en el \u00e1mbito de aplicaci\u00f3n una nota al pie de p\u00e1gina que establece:<\/p>\n<p style=\"padding-left: 40px;\">\u201c<em>Los o\u0301rganos normativos nacionales podra\u0301n autorizar a las empresas recie\u0301n creadas o recientemente integradas en la economi\u0301a estructurada a utilizar con cara\u0301cter excepcional un sistema de contabilidad en valores de caja durante un periiodo limitado\u201d.<\/em><\/p>\n<p>Ahora bien, debemos reconocer que emprender en Colombia no es tarea f\u00e1cil, quienes desean hacerlo deben conocer muchas normas o hacerse acompa\u00f1ar de varios profesionales; sin contar los costos asociados a la creaci\u00f3n y puesta en marcha de la empresa, est\u00e1n los costos de mantenimiento (arriendos, impuestos, salarios, contabilidad, etc.), lo que no facilita tomar ese camino, conllevando a que una contabilidad de caja pudiera ser una soluci\u00f3n desde el \u00e1mbito econ\u00f3mico, no desde la perspectiva contable.<\/p>\n<p>Al tener el registro de las operaciones por contabilidad de caja, \u00bfcomo se soluciona el control de las operaciones de cr\u00e9dito?, \u00bfde las facturas recibidas y no pagadas?, \u00bfde las provisiones?, etc., \u00bfen qu\u00e9 se basar\u00e1n los emprendedores para mostrarles a sus posibles inversionistas sus finanzas?, \u00bfbasado en qu\u00e9 se tomar\u00e1n decisiones de cr\u00e9dito por el sistema financiero? En fin, una serie de inquietudes que generan dudas respecto de la utilidad (as\u00ed sea transitoria) de llevar contabilidad en este sistema.<\/p>\n<p>Adicionalmente, abrir la puerta a que algunas personas lleven contabilidad de caja en lugar de causaci\u00f3n o acumulaci\u00f3n no es la soluci\u00f3n, pues va en contra de todo el proceso que Colombia ha adelantado en estos \u00faltimos a\u00f1os para tener una contabilidad basada en marcos normativos internacionales (IFRS), contabilidades que se llevan con sistema de causaci\u00f3n y que est\u00e1n acogiendo las mejores pr\u00e1cticas que se establecen a nivel mundial. Adem\u00e1s, si ya tenemos un marco normativo para los tres grupos de empresas por contabilidad de causaci\u00f3n, ser\u00eda necesario crear un cuarto grupo para las empresas que decidan acogerse a la Ley 2069 de 2020.<\/p>\n<p>Por otro lado, basado en la independencia y autonom\u00eda que debe existir entre las normas contables y tributarias, y el problema de flujo de caja que usualmente tiene los emprendedores, que se genera \u2212entre otros\u2212 por pago de los tributos causados, es decir, de pagar el IVA facturado aun cuando no ha tenido el recaudo del mismo, o pagar la retenci\u00f3n en la fuente de una compra as\u00ed el vendedor le otorgue un plazo de pago importante, puede pensarse en que la contabilidad sea de causaci\u00f3n, pero que los impuestos se liquiden con base en caja; esto solventar\u00eda enormemente a los emprendedores que tienen que endeudarse para pagar sus impuestos, o pagar tasas moratorias altas a la DIAN porque no tienen el flujo para \u201canticipar\u201d tales pagos antes del recaudo efectivo de los mismos.<\/p>\n<p>Si el Gobierno nacional quiere ayudar a los emprendedores, lo puede hacer quit\u00e1ndoles la presi\u00f3n que en su flujo de caja genera el pago de impuestos; adicionalmente, como se ha hecho en anteriores oportunidades, que a las nuevas empresas les cobren el impuesto de renta y complementarios de manera progresiva, que se incluya en el mismo el impuesto al registro y que (como ya se mencion\u00f3) el IVA y la retenci\u00f3n en la fuente se liquiden basados en los pagos recibidos.<\/p>\n<p><img loading=\"lazy\" decoding=\"async\" src=\"https:\/\/incp.org.co\/revista-el-contador-publico\/wp-content\/uploads\/2021\/06\/Diego-Charry-1.png\" alt=\"\" width=\"150\" height=\"226\" data-id=\"1675\"><\/p>\n<p style=\"text-align: right;\"><strong>Diego Charry Mej\u00eda<br \/>\n<\/strong>Director de Auren Colombia<\/p>\n<p><a href=\"#_ftnref1\" name=\"_ftn1\">[1]<\/a> Naciones Unidas. Nueva York y Ginebra, 2004. \u2013 Orientacio\u0301n para el Nivel 3<\/p>\n","protected":false},"excerpt":{"rendered":"<p>Por Diego Charry Mej\u00eda El pasado 31 de diciembre de 2020 se expidi\u00f3 la Ley 2069, conocida tambi\u00e9n como Ley de Emprendimiento, la cual \u2212en su art\u00edculo 8\u2212 establece la posibilidad de que el Gobierno pueda autorizar a algunas empresas a manejar sistema de contabilidad de caja, frente a lo cual no podemos dejar pasar&hellip; <br \/> <a class=\"read-more\" href=\"https:\/\/incp.org.co\/revista-el-contador-publico\/vision-experta\/2021\/06\/contabilidad-o-impuestos-basados-en-el-sistema-de-caja\/\">Leer m\u00e1s<\/a><\/p>\n","protected":false},"author":0,"featured_media":2968,"comment_status":"open","ping_status":"closed","sticky":false,"template":"","format":"standard","meta":{"footnotes":""},"categories":[108,101],"tags":[],"class_list":["post-1673","post","type-post","status-publish","format-standard","has-post-thumbnail","hentry","category-comisiones-tecnicas-incp","category-vision-experta"],"_links":{"self":[{"href":"https:\/\/incp.org.co\/revista-el-contador-publico\/wp-json\/wp\/v2\/posts\/1673","targetHints":{"allow":["GET"]}}],"collection":[{"href":"https:\/\/incp.org.co\/revista-el-contador-publico\/wp-json\/wp\/v2\/posts"}],"about":[{"href":"https:\/\/incp.org.co\/revista-el-contador-publico\/wp-json\/wp\/v2\/types\/post"}],"replies":[{"embeddable":true,"href":"https:\/\/incp.org.co\/revista-el-contador-publico\/wp-json\/wp\/v2\/comments?post=1673"}],"version-history":[{"count":9,"href":"https:\/\/incp.org.co\/revista-el-contador-publico\/wp-json\/wp\/v2\/posts\/1673\/revisions"}],"predecessor-version":[{"id":2969,"href":"https:\/\/incp.org.co\/revista-el-contador-publico\/wp-json\/wp\/v2\/posts\/1673\/revisions\/2969"}],"wp:featuredmedia":[{"embeddable":true,"href":"https:\/\/incp.org.co\/revista-el-contador-publico\/wp-json\/wp\/v2\/media\/2968"}],"wp:attachment":[{"href":"https:\/\/incp.org.co\/revista-el-contador-publico\/wp-json\/wp\/v2\/media?parent=1673"}],"wp:term":[{"taxonomy":"category","embeddable":true,"href":"https:\/\/incp.org.co\/revista-el-contador-publico\/wp-json\/wp\/v2\/categories?post=1673"},{"taxonomy":"post_tag","embeddable":true,"href":"https:\/\/incp.org.co\/revista-el-contador-publico\/wp-json\/wp\/v2\/tags?post=1673"}],"curies":[{"name":"wp","href":"https:\/\/api.w.org\/{rel}","templated":true}]}}